{"id":38403,"date":"2026-08-28T13:46:15","date_gmt":"2026-08-28T11:46:15","guid":{"rendered":"https:\/\/arriva.sk\/trnava\/?p=38403"},"modified":"2026-08-31T13:49:52","modified_gmt":"2026-08-31T11:49:52","slug":"mad-trnava-zmena-platna-od-1-9-2026","status":"publish","type":"post","link":"https:\/\/arriva.sk\/trnava\/mad-trnava-zmena-platna-od-1-9-2026\/","title":{"rendered":"MAD TRNAVA &#8211; Zmena platn\u00e1 od 1.9.2026"},"content":{"rendered":"\t\t<div data-elementor-type=\"wp-post\" data-elementor-id=\"38403\" class=\"elementor elementor-38403\" data-elementor-post-type=\"post\">\n\t\t\t\t\t\t<section class=\"elementor-section elementor-top-section elementor-element elementor-element-f61db50 elementor-section-boxed elementor-section-height-default elementor-section-height-default\" data-id=\"f61db50\" data-element_type=\"section\" data-e-type=\"section\">\n\t\t\t\t\t\t<div class=\"elementor-container elementor-column-gap-default\">\n\t\t\t\t\t<div class=\"elementor-column elementor-col-100 elementor-top-column elementor-element elementor-element-a822035\" data-id=\"a822035\" data-element_type=\"column\" data-e-type=\"column\">\n\t\t\t<div class=\"elementor-widget-wrap\">\n\t\t\t\t\t\t\t<\/div>\n\t\t<\/div>\n\t\t\t\t\t<\/div>\n\t\t<\/section>\n\t\t\t\t<section class=\"elementor-section elementor-top-section elementor-element elementor-element-aa3e057 elementor-section-boxed elementor-section-height-default elementor-section-height-default\" data-id=\"aa3e057\" data-element_type=\"section\" data-e-type=\"section\">\n\t\t\t\t\t\t<div class=\"elementor-container elementor-column-gap-default\">\n\t\t\t\t\t<div class=\"elementor-column elementor-col-100 elementor-top-column elementor-element elementor-element-50be45f\" data-id=\"50be45f\" data-element_type=\"column\" data-e-type=\"column\">\n\t\t\t<div class=\"elementor-widget-wrap elementor-element-populated\">\n\t\t\t\t\t\t<div class=\"elementor-element elementor-element-3875e3e elementor-widget elementor-widget-text-editor\" data-id=\"3875e3e\" data-element_type=\"widget\" data-e-type=\"widget\" data-widget_type=\"text-editor.default\">\n\t\t\t\t<div class=\"elementor-widget-container\">\n\t\t\t\t\t\t\t\t\t<p>V\u00e1\u017een\u00ed cestuj\u00faci,<\/p><p>spolo\u010dnos\u0165 ARRIVA Trnava v spolupr\u00e1ci s Mestom Trnava oznamuje, \u017ee od <strong>1. septembra 2026<\/strong> doch\u00e1dza k \u00faprave cestovn\u00fdch poriadkov vybran\u00fdch liniek MHD.<\/p><p>Po ukon\u010den\u00ed zmien s\u00favisiacich s rekon\u0161trukciou \u017eelezni\u010dnej trate a do\u010dasn\u00fdm prisp\u00f4soben\u00edm spojov \u017eelezni\u010dnej doprave sa cestovn\u00e9 poriadky na vybran\u00fdch link\u00e1ch <strong>vracaj\u00fa do p\u00f4vodn\u00e9ho stavu spred za\u010diatku rekon\u0161trukcie \u017eelezni\u010dnej trate<\/strong>.<\/p><p>Odpor\u00fa\u010dame cestuj\u00facim, aby si pred cestou overili aktu\u00e1lne cestovn\u00e9 poriadky na zast\u00e1vkach alebo na webovej str\u00e1nke spolo\u010dnosti ARRIVA.<\/p><p><strong>V\u0161etky zmeny CP s\u00fa dostupn\u00e9 vo vyh\u013ead\u00e1va\u010doch dopravn\u00e9ho spojenia, napr. <\/strong><a href=\"https:\/\/eur02.safelinks.protection.outlook.com\/?url=http%3A%2F%2Fwww.cp.sk%2F&amp;data=05%7C02%7Cpetra.nemcekova%40arriva.sk%7Cb0933abfc52942312a5308de64b161e6%7C694828a9151a45e19a5fd75029018591%7C0%7C0%7C639058910174294843%7CUnknown%7CTWFpbGZsb3d8eyJFbXB0eU1hcGkiOnRydWUsIlYiOiIwLjAuMDAwMCIsIlAiOiJXaW4zMiIsIkFOIjoiTWFpbCIsIldUIjoyfQ%3D%3D%7C0%7C%7C%7C&amp;sdata=a3hI4dkdyJDzf2ZD1P6r5Nj3pZ%2B3FAzqUvdFkCLT5ds%3D&amp;reserved=0\"><strong>www.cp.sk<\/strong><\/a><strong>\u00a0a\u00a0na na\u0161ej str\u00e1ne \u00a0<\/strong><a href=\"https:\/\/eur02.safelinks.protection.outlook.com\/?url=https%3A%2F%2Farriva.sk%2Ftrnava%2Fcestovne-poriadky%2F&amp;data=05%7C02%7Cpetra.nemcekova%40arriva.sk%7Cb0933abfc52942312a5308de64b161e6%7C694828a9151a45e19a5fd75029018591%7C0%7C0%7C639058910174338557%7CUnknown%7CTWFpbGZsb3d8eyJFbXB0eU1hcGkiOnRydWUsIlYiOiIwLjAuMDAwMCIsIlAiOiJXaW4zMiIsIkFOIjoiTWFpbCIsIldUIjoyfQ%3D%3D%7C0%7C%7C%7C&amp;sdata=h4ikwq99RrIPjj5mz08WPYxGyb%2BxTt4GbU5drGbTYNg%3D&amp;reserved=0\"><strong>https:\/\/arriva.sk\/trnava\/cestovne-poriadky\/<\/strong><\/a><strong>.<\/strong><\/p><p>Zmenen\u00e9 linky od 1.9.2026:<\/p><p><a href=\"https:\/\/arriva.sk\/files\/tt\/cp\/mhd\/trnava\/2026\/207101.pdf\">Linka 1<\/a><\/p><p><a href=\"https:\/\/arriva.sk\/files\/tt\/cp\/mhd\/trnava\/2026\/207104.pdf\">Linka 4<\/a><\/p><p><a href=\"https:\/\/arriva.sk\/files\/tt\/cp\/mhd\/trnava\/2026\/207106.pdf\">Linka 6<\/a><\/p><p><a href=\"https:\/\/arriva.sk\/files\/tt\/cp\/mhd\/trnava\/2026\/207111.pdf\">Linka N1<\/a><\/p><p>\u00a0<\/p><p>V pr\u00edpade ot\u00e1zok m\u00f4\u017eete kontaktova\u0165 Z\u00e1kazn\u00edcku podporu prostredn\u00edctvom e-mailu\u00a0<a href=\"https:\/\/arriva.sk\/michalovce\/zmeny-cestovnych-poriadkov-regionalnej-dopravy-od-15-decembra-2024\/informacie@arriva.sk\">informacie@arriva.sk<\/a>\u00a0alebo na linke +421 915 733 733 od pondelka do nedele, v \u010dase od 8:00 do 20:00.<\/p><p>\u010eakujeme za pochopenie..<\/p>\t\t\t\t\t\t\t\t<\/div>\n\t\t\t\t<\/div>\n\t\t\t\t\t<\/div>\n\t\t<\/div>\n\t\t\t\t\t<\/div>\n\t\t<\/section>\n\t\t\t\t<\/div>\n\t\t","protected":false},"excerpt":{"rendered":"<p>V\u00e1\u017een\u00ed cestuj\u00faci, spolo\u010dnos\u0165 ARRIVA Trnava v spolupr\u00e1ci s Mestom Trnava oznamuje, \u017ee od 1. septembra 2026 doch\u00e1dza k \u00faprave cestovn\u00fdch poriadkov vybran\u00fdch liniek MHD. Po ukon\u010den\u00ed zmien s\u00favisiacich s rekon\u0161trukciou \u017eelezni\u010dnej trate a do\u010dasn\u00fdm prisp\u00f4soben\u00edm spojov \u017eelezni\u010dnej doprave sa cestovn\u00e9 poriadky na vybran\u00fdch link\u00e1ch vracaj\u00fa do p\u00f4vodn\u00e9ho stavu spred za\u010diatku rekon\u0161trukcie \u017eelezni\u010dnej trate. Odpor\u00fa\u010dame cestuj\u00facim, [&hellip;]<\/p>\n","protected":false},"author":46,"featured_media":35197,"comment_status":"closed","ping_status":"closed","sticky":false,"template":"","format":"standard","meta":{"_acf_changed":false,"footnotes":""},"categories":[40],"tags":[],"class_list":["post-38403","post","type-post","status-publish","format-standard","has-post-thumbnail","hentry","category-dopravne-aktuality"],"acf":{"ikonka":"","Ikonka linka":""},"yoast_head":"<!-- This site is optimized with the Yoast SEO plugin v27.6 - https:\/\/yoast.com\/product\/yoast-seo-wordpress\/ -->\n<title>MAD TRNAVA - Zmena platn\u00e1 od 1.9.2026 - ARRIVA Trnava<\/title>\n<meta name=\"robots\" content=\"index, follow, max-snippet:-1, max-image-preview:large, max-video-preview:-1\" \/>\n<link rel=\"canonical\" href=\"https:\/\/arriva.sk\/trnava\/mad-trnava-zmena-platna-od-1-9-2026\/\" \/>\n<meta property=\"og:locale\" content=\"sk_SK\" \/>\n<meta property=\"og:type\" content=\"article\" \/>\n<meta property=\"og:title\" content=\"MAD TRNAVA - Zmena platn\u00e1 od 1.9.2026 - ARRIVA Trnava\" \/>\n<meta property=\"og:description\" content=\"V\u00e1\u017een\u00ed cestuj\u00faci, spolo\u010dnos\u0165 ARRIVA Trnava v spolupr\u00e1ci s Mestom Trnava oznamuje, \u017ee od 1. septembra 2026 doch\u00e1dza k \u00faprave cestovn\u00fdch poriadkov vybran\u00fdch liniek MHD. Po ukon\u010den\u00ed zmien s\u00favisiacich s rekon\u0161trukciou \u017eelezni\u010dnej trate a do\u010dasn\u00fdm prisp\u00f4soben\u00edm spojov \u017eelezni\u010dnej doprave sa cestovn\u00e9 poriadky na vybran\u00fdch link\u00e1ch vracaj\u00fa do p\u00f4vodn\u00e9ho stavu spred za\u010diatku rekon\u0161trukcie \u017eelezni\u010dnej trate. Odpor\u00fa\u010dame cestuj\u00facim, [&hellip;]\" \/>\n<meta property=\"og:url\" content=\"https:\/\/arriva.sk\/trnava\/mad-trnava-zmena-platna-od-1-9-2026\/\" \/>\n<meta property=\"og:site_name\" content=\"ARRIVA Trnava\" \/>\n<meta property=\"article:published_time\" content=\"2026-08-28T11:46:15+00:00\" \/>\n<meta property=\"article:modified_time\" content=\"2026-08-31T11:49:52+00:00\" \/>\n<meta property=\"og:image\" content=\"https:\/\/arriva.sk\/trnava\/wp-content\/uploads\/sites\/17\/2025\/03\/mhd.webp\" \/>\n\t<meta property=\"og:image:width\" content=\"300\" \/>\n\t<meta property=\"og:image:height\" content=\"300\" \/>\n\t<meta property=\"og:image:type\" content=\"image\/webp\" \/>\n<meta name=\"author\" content=\"petranemcekova\" \/>\n<meta name=\"twitter:card\" content=\"summary_large_image\" \/>\n<meta name=\"twitter:label1\" content=\"Autor\" \/>\n\t<meta name=\"twitter:data1\" content=\"petranemcekova\" \/>\n\t<meta name=\"twitter:label2\" content=\"Predpokladan\u00fd \u010das \u010d\u00edtania\" \/>\n\t<meta name=\"twitter:data2\" content=\"1 min\u00fata\" \/>\n<script type=\"application\/ld+json\" class=\"yoast-schema-graph\">{\"@context\":\"https:\\\/\\\/schema.org\",\"@graph\":[{\"@type\":\"Article\",\"@id\":\"https:\\\/\\\/arriva.sk\\\/trnava\\\/mad-trnava-zmena-platna-od-1-9-2026\\\/#article\",\"isPartOf\":{\"@id\":\"https:\\\/\\\/arriva.sk\\\/trnava\\\/mad-trnava-zmena-platna-od-1-9-2026\\\/\"},\"author\":{\"name\":\"petranemcekova\",\"@id\":\"https:\\\/\\\/arriva.sk\\\/trnava\\\/#\\\/schema\\\/person\\\/91fb02fed070b6b836e7aad03fd47d93\"},\"headline\":\"MAD TRNAVA &#8211; Zmena platn\u00e1 od 1.9.2026\",\"datePublished\":\"2026-08-28T11:46:15+00:00\",\"dateModified\":\"2026-08-31T11:49:52+00:00\",\"mainEntityOfPage\":{\"@id\":\"https:\\\/\\\/arriva.sk\\\/trnava\\\/mad-trnava-zmena-platna-od-1-9-2026\\\/\"},\"wordCount\":173,\"publisher\":{\"@id\":\"https:\\\/\\\/arriva.sk\\\/trnava\\\/#organization\"},\"image\":{\"@id\":\"https:\\\/\\\/arriva.sk\\\/trnava\\\/mad-trnava-zmena-platna-od-1-9-2026\\\/#primaryimage\"},\"thumbnailUrl\":\"https:\\\/\\\/arriva.sk\\\/trnava\\\/wp-content\\\/uploads\\\/sites\\\/17\\\/2025\\\/03\\\/mhd.webp\",\"articleSection\":[\"Dopravn\u00e9 aktuality\"],\"inLanguage\":\"sk-SK\"},{\"@type\":\"WebPage\",\"@id\":\"https:\\\/\\\/arriva.sk\\\/trnava\\\/mad-trnava-zmena-platna-od-1-9-2026\\\/\",\"url\":\"https:\\\/\\\/arriva.sk\\\/trnava\\\/mad-trnava-zmena-platna-od-1-9-2026\\\/\",\"name\":\"MAD TRNAVA - Zmena platn\u00e1 od 1.9.2026 - ARRIVA Trnava\",\"isPartOf\":{\"@id\":\"https:\\\/\\\/arriva.sk\\\/trnava\\\/#website\"},\"primaryImageOfPage\":{\"@id\":\"https:\\\/\\\/arriva.sk\\\/trnava\\\/mad-trnava-zmena-platna-od-1-9-2026\\\/#primaryimage\"},\"image\":{\"@id\":\"https:\\\/\\\/arriva.sk\\\/trnava\\\/mad-trnava-zmena-platna-od-1-9-2026\\\/#primaryimage\"},\"thumbnailUrl\":\"https:\\\/\\\/arriva.sk\\\/trnava\\\/wp-content\\\/uploads\\\/sites\\\/17\\\/2025\\\/03\\\/mhd.webp\",\"datePublished\":\"2026-08-28T11:46:15+00:00\",\"dateModified\":\"2026-08-31T11:49:52+00:00\",\"breadcrumb\":{\"@id\":\"https:\\\/\\\/arriva.sk\\\/trnava\\\/mad-trnava-zmena-platna-od-1-9-2026\\\/#breadcrumb\"},\"inLanguage\":\"sk-SK\",\"potentialAction\":[{\"@type\":\"ReadAction\",\"target\":[\"https:\\\/\\\/arriva.sk\\\/trnava\\\/mad-trnava-zmena-platna-od-1-9-2026\\\/\"]}]},{\"@type\":\"ImageObject\",\"inLanguage\":\"sk-SK\",\"@id\":\"https:\\\/\\\/arriva.sk\\\/trnava\\\/mad-trnava-zmena-platna-od-1-9-2026\\\/#primaryimage\",\"url\":\"https:\\\/\\\/arriva.sk\\\/trnava\\\/wp-content\\\/uploads\\\/sites\\\/17\\\/2025\\\/03\\\/mhd.webp\",\"contentUrl\":\"https:\\\/\\\/arriva.sk\\\/trnava\\\/wp-content\\\/uploads\\\/sites\\\/17\\\/2025\\\/03\\\/mhd.webp\",\"width\":300,\"height\":300},{\"@type\":\"BreadcrumbList\",\"@id\":\"https:\\\/\\\/arriva.sk\\\/trnava\\\/mad-trnava-zmena-platna-od-1-9-2026\\\/#breadcrumb\",\"itemListElement\":[{\"@type\":\"ListItem\",\"position\":1,\"name\":\"Home\",\"item\":\"https:\\\/\\\/arriva.sk\\\/trnava\\\/\"},{\"@type\":\"ListItem\",\"position\":2,\"name\":\"MAD TRNAVA &#8211; Zmena platn\u00e1 od 1.9.2026\"}]},{\"@type\":\"WebSite\",\"@id\":\"https:\\\/\\\/arriva.sk\\\/trnava\\\/#website\",\"url\":\"https:\\\/\\\/arriva.sk\\\/trnava\\\/\",\"name\":\"ARRIVA Trnava\",\"description\":\"Autobusov\u00e1 doprava v trnavskom regi\u00f3ne\",\"publisher\":{\"@id\":\"https:\\\/\\\/arriva.sk\\\/trnava\\\/#organization\"},\"potentialAction\":[{\"@type\":\"SearchAction\",\"target\":{\"@type\":\"EntryPoint\",\"urlTemplate\":\"https:\\\/\\\/arriva.sk\\\/trnava\\\/?s={search_term_string}\"},\"query-input\":{\"@type\":\"PropertyValueSpecification\",\"valueRequired\":true,\"valueName\":\"search_term_string\"}}],\"inLanguage\":\"sk-SK\"},{\"@type\":\"Organization\",\"@id\":\"https:\\\/\\\/arriva.sk\\\/trnava\\\/#organization\",\"name\":\"ARRIVA Nitra\",\"url\":\"https:\\\/\\\/arriva.sk\\\/trnava\\\/\",\"logo\":{\"@type\":\"ImageObject\",\"inLanguage\":\"sk-SK\",\"@id\":\"https:\\\/\\\/arriva.sk\\\/trnava\\\/#\\\/schema\\\/logo\\\/image\\\/\",\"url\":\"https:\\\/\\\/arriva.sk\\\/trnavadev\\\/wp-content\\\/uploads\\\/sites\\\/17\\\/2021\\\/11\\\/logo-nitra.png\",\"contentUrl\":\"https:\\\/\\\/arriva.sk\\\/trnavadev\\\/wp-content\\\/uploads\\\/sites\\\/17\\\/2021\\\/11\\\/logo-nitra.png\",\"width\":300,\"height\":90,\"caption\":\"ARRIVA Nitra\"},\"image\":{\"@id\":\"https:\\\/\\\/arriva.sk\\\/trnava\\\/#\\\/schema\\\/logo\\\/image\\\/\"}},{\"@type\":\"Person\",\"@id\":\"https:\\\/\\\/arriva.sk\\\/trnava\\\/#\\\/schema\\\/person\\\/91fb02fed070b6b836e7aad03fd47d93\",\"name\":\"petranemcekova\"}]}<\/script>\n<!-- \/ Yoast SEO plugin. -->","yoast_head_json":{"title":"MAD TRNAVA - Zmena platn\u00e1 od 1.9.2026 - ARRIVA Trnava","robots":{"index":"index","follow":"follow","max-snippet":"max-snippet:-1","max-image-preview":"max-image-preview:large","max-video-preview":"max-video-preview:-1"},"canonical":"https:\/\/arriva.sk\/trnava\/mad-trnava-zmena-platna-od-1-9-2026\/","og_locale":"sk_SK","og_type":"article","og_title":"MAD TRNAVA - Zmena platn\u00e1 od 1.9.2026 - ARRIVA Trnava","og_description":"V\u00e1\u017een\u00ed cestuj\u00faci, spolo\u010dnos\u0165 ARRIVA Trnava v spolupr\u00e1ci s Mestom Trnava oznamuje, \u017ee od 1. septembra 2026 doch\u00e1dza k \u00faprave cestovn\u00fdch poriadkov vybran\u00fdch liniek MHD. Po ukon\u010den\u00ed zmien s\u00favisiacich s rekon\u0161trukciou \u017eelezni\u010dnej trate a do\u010dasn\u00fdm prisp\u00f4soben\u00edm spojov \u017eelezni\u010dnej doprave sa cestovn\u00e9 poriadky na vybran\u00fdch link\u00e1ch vracaj\u00fa do p\u00f4vodn\u00e9ho stavu spred za\u010diatku rekon\u0161trukcie \u017eelezni\u010dnej trate. Odpor\u00fa\u010dame cestuj\u00facim, [&hellip;]","og_url":"https:\/\/arriva.sk\/trnava\/mad-trnava-zmena-platna-od-1-9-2026\/","og_site_name":"ARRIVA Trnava","article_published_time":"2026-08-28T11:46:15+00:00","article_modified_time":"2026-08-31T11:49:52+00:00","og_image":[{"width":300,"height":300,"url":"https:\/\/arriva.sk\/trnava\/wp-content\/uploads\/sites\/17\/2025\/03\/mhd.webp","type":"image\/webp"}],"author":"petranemcekova","twitter_card":"summary_large_image","twitter_misc":{"Autor":"petranemcekova","Predpokladan\u00fd \u010das \u010d\u00edtania":"1 min\u00fata"},"schema":{"@context":"https:\/\/schema.org","@graph":[{"@type":"Article","@id":"https:\/\/arriva.sk\/trnava\/mad-trnava-zmena-platna-od-1-9-2026\/#article","isPartOf":{"@id":"https:\/\/arriva.sk\/trnava\/mad-trnava-zmena-platna-od-1-9-2026\/"},"author":{"name":"petranemcekova","@id":"https:\/\/arriva.sk\/trnava\/#\/schema\/person\/91fb02fed070b6b836e7aad03fd47d93"},"headline":"MAD TRNAVA &#8211; Zmena platn\u00e1 od 1.9.2026","datePublished":"2026-08-28T11:46:15+00:00","dateModified":"2026-08-31T11:49:52+00:00","mainEntityOfPage":{"@id":"https:\/\/arriva.sk\/trnava\/mad-trnava-zmena-platna-od-1-9-2026\/"},"wordCount":173,"publisher":{"@id":"https:\/\/arriva.sk\/trnava\/#organization"},"image":{"@id":"https:\/\/arriva.sk\/trnava\/mad-trnava-zmena-platna-od-1-9-2026\/#primaryimage"},"thumbnailUrl":"https:\/\/arriva.sk\/trnava\/wp-content\/uploads\/sites\/17\/2025\/03\/mhd.webp","articleSection":["Dopravn\u00e9 aktuality"],"inLanguage":"sk-SK"},{"@type":"WebPage","@id":"https:\/\/arriva.sk\/trnava\/mad-trnava-zmena-platna-od-1-9-2026\/","url":"https:\/\/arriva.sk\/trnava\/mad-trnava-zmena-platna-od-1-9-2026\/","name":"MAD TRNAVA - Zmena platn\u00e1 od 1.9.2026 - ARRIVA Trnava","isPartOf":{"@id":"https:\/\/arriva.sk\/trnava\/#website"},"primaryImageOfPage":{"@id":"https:\/\/arriva.sk\/trnava\/mad-trnava-zmena-platna-od-1-9-2026\/#primaryimage"},"image":{"@id":"https:\/\/arriva.sk\/trnava\/mad-trnava-zmena-platna-od-1-9-2026\/#primaryimage"},"thumbnailUrl":"https:\/\/arriva.sk\/trnava\/wp-content\/uploads\/sites\/17\/2025\/03\/mhd.webp","datePublished":"2026-08-28T11:46:15+00:00","dateModified":"2026-08-31T11:49:52+00:00","breadcrumb":{"@id":"https:\/\/arriva.sk\/trnava\/mad-trnava-zmena-platna-od-1-9-2026\/#breadcrumb"},"inLanguage":"sk-SK","potentialAction":[{"@type":"ReadAction","target":["https:\/\/arriva.sk\/trnava\/mad-trnava-zmena-platna-od-1-9-2026\/"]}]},{"@type":"ImageObject","inLanguage":"sk-SK","@id":"https:\/\/arriva.sk\/trnava\/mad-trnava-zmena-platna-od-1-9-2026\/#primaryimage","url":"https:\/\/arriva.sk\/trnava\/wp-content\/uploads\/sites\/17\/2025\/03\/mhd.webp","contentUrl":"https:\/\/arriva.sk\/trnava\/wp-content\/uploads\/sites\/17\/2025\/03\/mhd.webp","width":300,"height":300},{"@type":"BreadcrumbList","@id":"https:\/\/arriva.sk\/trnava\/mad-trnava-zmena-platna-od-1-9-2026\/#breadcrumb","itemListElement":[{"@type":"ListItem","position":1,"name":"Home","item":"https:\/\/arriva.sk\/trnava\/"},{"@type":"ListItem","position":2,"name":"MAD TRNAVA &#8211; Zmena platn\u00e1 od 1.9.2026"}]},{"@type":"WebSite","@id":"https:\/\/arriva.sk\/trnava\/#website","url":"https:\/\/arriva.sk\/trnava\/","name":"ARRIVA Trnava","description":"Autobusov\u00e1 doprava v trnavskom regi\u00f3ne","publisher":{"@id":"https:\/\/arriva.sk\/trnava\/#organization"},"potentialAction":[{"@type":"SearchAction","target":{"@type":"EntryPoint","urlTemplate":"https:\/\/arriva.sk\/trnava\/?s={search_term_string}"},"query-input":{"@type":"PropertyValueSpecification","valueRequired":true,"valueName":"search_term_string"}}],"inLanguage":"sk-SK"},{"@type":"Organization","@id":"https:\/\/arriva.sk\/trnava\/#organization","name":"ARRIVA Nitra","url":"https:\/\/arriva.sk\/trnava\/","logo":{"@type":"ImageObject","inLanguage":"sk-SK","@id":"https:\/\/arriva.sk\/trnava\/#\/schema\/logo\/image\/","url":"https:\/\/arriva.sk\/trnavadev\/wp-content\/uploads\/sites\/17\/2021\/11\/logo-nitra.png","contentUrl":"https:\/\/arriva.sk\/trnavadev\/wp-content\/uploads\/sites\/17\/2021\/11\/logo-nitra.png","width":300,"height":90,"caption":"ARRIVA Nitra"},"image":{"@id":"https:\/\/arriva.sk\/trnava\/#\/schema\/logo\/image\/"}},{"@type":"Person","@id":"https:\/\/arriva.sk\/trnava\/#\/schema\/person\/91fb02fed070b6b836e7aad03fd47d93","name":"petranemcekova"}]}},"_links":{"self":[{"href":"https:\/\/arriva.sk\/trnava\/wp-json\/wp\/v2\/posts\/38403","targetHints":{"allow":["GET"]}}],"collection":[{"href":"https:\/\/arriva.sk\/trnava\/wp-json\/wp\/v2\/posts"}],"about":[{"href":"https:\/\/arriva.sk\/trnava\/wp-json\/wp\/v2\/types\/post"}],"author":[{"embeddable":true,"href":"https:\/\/arriva.sk\/trnava\/wp-json\/wp\/v2\/users\/46"}],"replies":[{"embeddable":true,"href":"https:\/\/arriva.sk\/trnava\/wp-json\/wp\/v2\/comments?post=38403"}],"version-history":[{"count":8,"href":"https:\/\/arriva.sk\/trnava\/wp-json\/wp\/v2\/posts\/38403\/revisions"}],"predecessor-version":[{"id":38411,"href":"https:\/\/arriva.sk\/trnava\/wp-json\/wp\/v2\/posts\/38403\/revisions\/38411"}],"wp:featuredmedia":[{"embeddable":true,"href":"https:\/\/arriva.sk\/trnava\/wp-json\/wp\/v2\/media\/35197"}],"wp:attachment":[{"href":"https:\/\/arriva.sk\/trnava\/wp-json\/wp\/v2\/media?parent=38403"}],"wp:term":[{"taxonomy":"category","embeddable":true,"href":"https:\/\/arriva.sk\/trnava\/wp-json\/wp\/v2\/categories?post=38403"},{"taxonomy":"post_tag","embeddable":true,"href":"https:\/\/arriva.sk\/trnava\/wp-json\/wp\/v2\/tags?post=38403"}],"curies":[{"name":"wp","href":"https:\/\/api.w.org\/{rel}","templated":true}]}}