{"id":29563,"date":"2026-08-28T14:23:27","date_gmt":"2026-08-28T12:23:27","guid":{"rendered":"https:\/\/arriva.sk\/bratislava\/?p=29563"},"modified":"2026-08-28T14:25:50","modified_gmt":"2026-08-28T12:25:50","slug":"modranske-vinobranie-2026-zmeny-v-doprave","status":"publish","type":"post","link":"https:\/\/arriva.sk\/bratislava\/modranske-vinobranie-2026-zmeny-v-doprave\/","title":{"rendered":"Modransk\u00e9 vinobranie 2026 &#8211; Zmeny v doprave"},"content":{"rendered":"\t\t<div data-elementor-type=\"wp-post\" data-elementor-id=\"29563\" class=\"elementor elementor-29563\" data-elementor-post-type=\"post\">\n\t\t\t\t\t\t<section class=\"elementor-section elementor-top-section elementor-element elementor-element-5f655cbb elementor-section-boxed elementor-section-height-default elementor-section-height-default\" data-id=\"5f655cbb\" data-element_type=\"section\" data-e-type=\"section\">\n\t\t\t\t\t\t<div class=\"elementor-container elementor-column-gap-default\">\n\t\t\t\t\t<div class=\"elementor-column elementor-col-100 elementor-top-column elementor-element elementor-element-7e5d688f\" data-id=\"7e5d688f\" data-element_type=\"column\" data-e-type=\"column\">\n\t\t\t<div class=\"elementor-widget-wrap elementor-element-populated\">\n\t\t\t\t\t\t<div class=\"elementor-element elementor-element-1c049d1c elementor-widget__width-initial elementor-widget elementor-widget-text-editor\" data-id=\"1c049d1c\" data-element_type=\"widget\" data-e-type=\"widget\" data-widget_type=\"text-editor.default\">\n\t\t\t\t<div class=\"elementor-widget-container\">\n\t\t\t\t\t\t\t\t\t<p>V\u00e1\u017een\u00ed cestuj\u00faci,<\/p><p>Z d\u00f4vodu konania kult\u00farneho podujatia &#8222;Modransk\u00e9\u00a0vinobranie\u00a02026&#8220; bude od \u0161tvrtka 3. septembra do pondelka 7. septembra upraven\u00e1 prem\u00e1vka liniek 506, 539, 540, 550, 555, 565 a 599. V piatok 4. septembra a v sobotu 5. septembra bude zaveden\u00e1 posilov\u00e1 doprava.<\/p><p>\u00a0<\/p><p><strong>ZMENY V DOPRAVE<\/strong><\/p><p><strong>Od \u0161tvrtka 03.09. 12:00 do pondelka 07.09. 06:00<\/strong>\u00a0d\u00f4jde k nasledovn\u00fdm zmen\u00e1m:<\/p><ul data-editing-info=\"{&quot;applyListStyleFromLevel&quot;:true}\"><li>zast\u00e1vky Dukelsk\u00e1 a \u0160tef\u00e1nikov\u00e1 <strong>nebud\u00fa obsluhovan\u00e9<\/strong>,<\/li><li><strong>linky 506, 540, 550, 555, 565 a 599<\/strong>\u00a0bud\u00fa prem\u00e1va\u0165 obch\u00e1dzkovou trasou cez \u0160\u00farsku ul. a Doln\u00fa ul., kde <strong>mimoriadne obsl\u00fa\u017eia zast\u00e1vky \u0160\u00farska a Doln\u00e1<\/strong>,<\/li><li>spoj 539\/14 <em>(\u0160enkvice, \u017del. stanica 07:13 &#8211; Modra, \u0160t\u00farova 07:25)<\/em>\u00a0bude <strong><u>v piatok 04.09.<\/u><\/strong>\u00a0prem\u00e1va\u0165 po rovnakej trase ako ostatn\u00e9 spoje linky 539, \u010di\u017ee cez zast\u00e1vku Doln\u00e1, neobsl\u00fa\u017ei zast\u00e1vky \u0160\u00farska a Dukelsk\u00e1,<\/li><\/ul><p>\u00a0<\/p><p><strong>POSILOV\u00c1 DOPRAVA<\/strong><\/p><p>Na link\u00e1ch 539, 540 a 550 bud\u00fa v smere z\/do Modry prem\u00e1va\u0165 mimoriadne posilov\u00e9 spoje:<\/p><p>\u00a0<\/p><p><strong>Linka 539:<\/strong><\/p><ul data-editing-info=\"{&quot;applyListStyleFromLevel&quot;:true}\"><li><strong>v piatok 04.09.<\/strong>:<ul data-editing-info=\"{&quot;applyListStyleFromLevel&quot;:true}\"><li>o 20:18 zo \u0160enkv\u00edc do Modry,<\/li><li>o 20:34; 21:34; 22:34 a 23:44 z Modry do \u0160enkv\u00edc,<\/li><\/ul><\/li><li><strong>v sobotu 05.09.<\/strong>:<ul data-editing-info=\"{&quot;applyListStyleFromLevel&quot;:true}\"><li>o 14:18; 16:18; 18:18 a 20:18 zo \u0160enkv\u00edc do Modry,<\/li><li>o 14:34; 16:34; 18:34; 20:34; 21:34; 22:34 a 23:44 z Modry do \u0160enkv\u00edc.<\/li><\/ul><\/li><\/ul><p>\u00a0<\/p><p><strong>Linka 540:<\/strong><\/p><ul data-editing-info=\"{&quot;applyListStyleFromLevel&quot;:true}\"><li><strong>v piatok 04.09. a v sobotu 05.09.<\/strong>:<ul data-editing-info=\"{&quot;applyListStyleFromLevel&quot;:true}\"><li>o 22:47; 23:47 a 00:17 z Modry do zast\u00e1vky Bratislava, Z\u00e1humenice, kde je mo\u017enos\u0165 prestupu na linku N55 v smere na Hlavn\u00fa stanicu.<\/li><\/ul><\/li><\/ul><p>\u00a0<\/p><p><strong>Linka 550:<\/strong><\/p><ul data-editing-info=\"{&quot;applyListStyleFromLevel&quot;:true}\"><li><strong>v piatok 04.09.<\/strong>:<ul data-editing-info=\"{&quot;applyListStyleFromLevel&quot;:true}\"><li>o 20:59; 22:59 a 00:19 z Modry do Dolian,<\/li><li>o 19:43 z Dolian do Modry,<\/li><li>o 00:47 z Modry do Pezinka,<\/li><\/ul><\/li><li><strong>v sobotu 05.09.:<\/strong><ul data-editing-info=\"{&quot;applyListStyleFromLevel&quot;:true}\"><li>o 14:59; 16:59; 18:59; 20:59; 22:59 a 00:19 z Modry do Dolian,<\/li><li>o 13:43; 15:43; 17:43 a 19:43 z Dolian do Modry,<\/li><li>o 00:47 z Modry do Pezinka.<\/li><\/ul><\/li><\/ul><p>\u00a0<\/p><p>\u010ealej bud\u00fa <strong>na link\u00e1ch 540 a 550<\/strong> <strong>v piatok 04.09.<\/strong> od 19:00 do 23:00 <strong>a v sobotu 05.09<\/strong>. od 13:00 do 23:00 <strong>v \u00faseku Pezinok, \u017del. stanica &#8211; Modra, \u0160t\u00farova<\/strong> prem\u00e1va\u0165 vlo\u017een\u00e9 posilov\u00e9 spoje <strong>pre zabezpe\u010denie 15-min\u00fatov\u00e9ho intervalu<\/strong> v danom \u00faseku.<\/p><p><em>Na v\u0161etk\u00fdch spojoch platia \u0161tandardn\u00e9 tarifn\u00e9 a prepravn\u00e9 podmienky IDS BK.<\/em><\/p><p>\u00a0<\/p><section><main><div class=\"container\"><div class=\"row\"><div class=\"col-md-8\"><div><div><div class=\"wm wb wc179\"><div><div class=\"markdown markdown-container\"><p>\u010eakujeme za porozumenie.<\/p><\/div><\/div><\/div><\/div><\/div><\/div><\/div><\/div><p>V pr\u00edpade ot\u00e1zok m\u00f4\u017eete kontaktova\u0165 <b>InfoCentrum IDS BK<\/b>:\u00a0<\/p><p>\u00a0<\/p><\/main><\/section><p><b><img decoding=\"async\" class=\"emoji\" role=\"img\" src=\"https:\/\/s.w.org\/images\/core\/emoji\/16.0.1\/svg\/1f4e7.svg\" alt=\"\ud83d\udce7\" \/> info@idsbk.sk, <img decoding=\"async\" class=\"emoji\" role=\"img\" src=\"https:\/\/s.w.org\/images\/core\/emoji\/16.0.1\/svg\/260e.svg\" alt=\"\u260e\ufe0f\" \/>+421 948 102\u00a0<\/b><\/p>\t\t\t\t\t\t\t\t<\/div>\n\t\t\t\t<\/div>\n\t\t\t\t\t<\/div>\n\t\t<\/div>\n\t\t\t\t\t<\/div>\n\t\t<\/section>\n\t\t\t\t<section class=\"elementor-section elementor-top-section elementor-element elementor-element-f7c6237 elementor-section-boxed elementor-section-height-default elementor-section-height-default\" data-id=\"f7c6237\" data-element_type=\"section\" data-e-type=\"section\">\n\t\t\t\t\t\t<div class=\"elementor-container elementor-column-gap-default\">\n\t\t\t\t\t<div class=\"elementor-column elementor-col-100 elementor-top-column elementor-element elementor-element-d5111dd\" data-id=\"d5111dd\" data-element_type=\"column\" data-e-type=\"column\">\n\t\t\t<div class=\"elementor-widget-wrap elementor-element-populated\">\n\t\t\t\t\t\t<div class=\"elementor-element elementor-element-b2c8f48 elementor-widget elementor-widget-image\" data-id=\"b2c8f48\" data-element_type=\"widget\" data-e-type=\"widget\" data-widget_type=\"image.default\">\n\t\t\t\t<div class=\"elementor-widget-container\">\n\t\t\t\t\t\t\t\t\t\t\t\t\t\t\t\t<a href=\"https:\/\/arriva.sk\/\/files\/ba\/dokumenty\/V\u00fdluka%20Borinka%20II.%20etapa.pdf%20\">\n\t\t\t\t\t\t\t<img fetchpriority=\"high\" decoding=\"async\" width=\"1320\" height=\"881\" src=\"https:\/\/arriva.sk\/bratislava\/wp-content\/uploads\/sites\/14\/2025\/07\/autobus.jpg\" class=\"attachment-full size-full wp-image-28781\" alt=\"\" srcset=\"https:\/\/arriva.sk\/bratislava\/wp-content\/uploads\/sites\/14\/2025\/07\/autobus.jpg 1320w, https:\/\/arriva.sk\/bratislava\/wp-content\/uploads\/sites\/14\/2025\/07\/autobus-300x200.jpg 300w, https:\/\/arriva.sk\/bratislava\/wp-content\/uploads\/sites\/14\/2025\/07\/autobus-1030x687.jpg 1030w, https:\/\/arriva.sk\/bratislava\/wp-content\/uploads\/sites\/14\/2025\/07\/autobus-768x513.jpg 768w\" sizes=\"(max-width: 1320px) 100vw, 1320px\" \/>\t\t\t\t\t\t\t\t<\/a>\n\t\t\t\t\t\t\t\t\t\t\t\t\t\t\t<\/div>\n\t\t\t\t<\/div>\n\t\t\t\t\t<\/div>\n\t\t<\/div>\n\t\t\t\t\t<\/div>\n\t\t<\/section>\n\t\t\t\t<\/div>\n\t\t","protected":false},"excerpt":{"rendered":"<p>V\u00e1\u017een\u00ed cestuj\u00faci, Z d\u00f4vodu konania kult\u00farneho podujatia &#8222;Modransk\u00e9\u00a0vinobranie\u00a02026&#8220; bude od \u0161tvrtka 3. septembra do pondelka 7. septembra upraven\u00e1 prem\u00e1vka liniek 506, 539, 540, 550, 555, 565 a 599. V piatok 4. septembra a v sobotu 5. septembra bude zaveden\u00e1 posilov\u00e1 doprava. \u00a0 ZMENY V DOPRAVE Od \u0161tvrtka 03.09. 12:00 do pondelka 07.09. 06:00\u00a0d\u00f4jde k nasledovn\u00fdm [&hellip;]<\/p>\n","protected":false},"author":23,"featured_media":23485,"comment_status":"closed","ping_status":"closed","sticky":false,"template":"","format":"standard","meta":{"_acf_changed":false,"footnotes":""},"categories":[40],"tags":[],"class_list":["post-29563","post","type-post","status-publish","format-standard","has-post-thumbnail","hentry","category-dopravna-aktualita"],"acf":[],"yoast_head":"<!-- This site is optimized with the Yoast SEO plugin v27.6 - https:\/\/yoast.com\/product\/yoast-seo-wordpress\/ -->\n<title>Modransk\u00e9 vinobranie 2026 - Zmeny v doprave - ARRIVA Bratislava<\/title>\n<meta name=\"robots\" content=\"index, follow, max-snippet:-1, max-image-preview:large, max-video-preview:-1\" \/>\n<link rel=\"canonical\" href=\"https:\/\/arriva.sk\/bratislava\/modranske-vinobranie-2026-zmeny-v-doprave\/\" \/>\n<meta property=\"og:locale\" content=\"sk_SK\" \/>\n<meta property=\"og:type\" content=\"article\" \/>\n<meta property=\"og:title\" content=\"Modransk\u00e9 vinobranie 2026 - Zmeny v doprave - ARRIVA Bratislava\" \/>\n<meta property=\"og:description\" content=\"V\u00e1\u017een\u00ed cestuj\u00faci, Z d\u00f4vodu konania kult\u00farneho podujatia &#8222;Modransk\u00e9\u00a0vinobranie\u00a02026&#8220; bude od \u0161tvrtka 3. septembra do pondelka 7. septembra upraven\u00e1 prem\u00e1vka liniek 506, 539, 540, 550, 555, 565 a 599. V piatok 4. septembra a v sobotu 5. septembra bude zaveden\u00e1 posilov\u00e1 doprava. \u00a0 ZMENY V DOPRAVE Od \u0161tvrtka 03.09. 12:00 do pondelka 07.09. 06:00\u00a0d\u00f4jde k nasledovn\u00fdm [&hellip;]\" \/>\n<meta property=\"og:url\" content=\"https:\/\/arriva.sk\/bratislava\/modranske-vinobranie-2026-zmeny-v-doprave\/\" \/>\n<meta property=\"og:site_name\" content=\"ARRIVA Bratislava\" \/>\n<meta property=\"article:published_time\" content=\"2026-08-28T12:23:27+00:00\" \/>\n<meta property=\"article:modified_time\" content=\"2026-08-28T12:25:50+00:00\" \/>\n<meta name=\"author\" content=\"abaeditor\" \/>\n<meta name=\"twitter:card\" content=\"summary_large_image\" \/>\n<meta name=\"twitter:image\" content=\"https:\/\/arriva.sk\/bratislava\/wp-content\/uploads\/sites\/14\/2022\/06\/IMG_0858-Edit-Edit-e1680073367138.jpg\" \/>\n<meta name=\"twitter:label1\" content=\"Autor\" \/>\n\t<meta name=\"twitter:data1\" content=\"abaeditor\" \/>\n\t<meta name=\"twitter:label2\" content=\"Predpokladan\u00fd \u010das \u010d\u00edtania\" \/>\n\t<meta name=\"twitter:data2\" content=\"3 min\u00faty\" \/>\n<script type=\"application\/ld+json\" class=\"yoast-schema-graph\">{\"@context\":\"https:\\\/\\\/schema.org\",\"@graph\":[{\"@type\":\"Article\",\"@id\":\"https:\\\/\\\/arriva.sk\\\/bratislava\\\/modranske-vinobranie-2026-zmeny-v-doprave\\\/#article\",\"isPartOf\":{\"@id\":\"https:\\\/\\\/arriva.sk\\\/bratislava\\\/modranske-vinobranie-2026-zmeny-v-doprave\\\/\"},\"author\":{\"name\":\"abaeditor\",\"@id\":\"https:\\\/\\\/arriva.sk\\\/bratislava\\\/#\\\/schema\\\/person\\\/d104e64f3b61468ac1ed736ee5a3c748\"},\"headline\":\"Modransk\u00e9 vinobranie 2026 &#8211; Zmeny v doprave\",\"datePublished\":\"2026-08-28T12:23:27+00:00\",\"dateModified\":\"2026-08-28T12:25:50+00:00\",\"mainEntityOfPage\":{\"@id\":\"https:\\\/\\\/arriva.sk\\\/bratislava\\\/modranske-vinobranie-2026-zmeny-v-doprave\\\/\"},\"wordCount\":306,\"publisher\":{\"@id\":\"https:\\\/\\\/arriva.sk\\\/bratislava\\\/#organization\"},\"image\":{\"@id\":\"https:\\\/\\\/arriva.sk\\\/bratislava\\\/modranske-vinobranie-2026-zmeny-v-doprave\\\/#primaryimage\"},\"thumbnailUrl\":\"https:\\\/\\\/arriva.sk\\\/bratislava\\\/wp-content\\\/uploads\\\/sites\\\/14\\\/2022\\\/06\\\/IMG_0858-Edit-Edit-e1680073367138.jpg\",\"articleSection\":[\"Dopravn\u00e1 aktualita\"],\"inLanguage\":\"sk-SK\"},{\"@type\":\"WebPage\",\"@id\":\"https:\\\/\\\/arriva.sk\\\/bratislava\\\/modranske-vinobranie-2026-zmeny-v-doprave\\\/\",\"url\":\"https:\\\/\\\/arriva.sk\\\/bratislava\\\/modranske-vinobranie-2026-zmeny-v-doprave\\\/\",\"name\":\"Modransk\u00e9 vinobranie 2026 - Zmeny v doprave - ARRIVA Bratislava\",\"isPartOf\":{\"@id\":\"https:\\\/\\\/arriva.sk\\\/bratislava\\\/#website\"},\"primaryImageOfPage\":{\"@id\":\"https:\\\/\\\/arriva.sk\\\/bratislava\\\/modranske-vinobranie-2026-zmeny-v-doprave\\\/#primaryimage\"},\"image\":{\"@id\":\"https:\\\/\\\/arriva.sk\\\/bratislava\\\/modranske-vinobranie-2026-zmeny-v-doprave\\\/#primaryimage\"},\"thumbnailUrl\":\"https:\\\/\\\/arriva.sk\\\/bratislava\\\/wp-content\\\/uploads\\\/sites\\\/14\\\/2022\\\/06\\\/IMG_0858-Edit-Edit-e1680073367138.jpg\",\"datePublished\":\"2026-08-28T12:23:27+00:00\",\"dateModified\":\"2026-08-28T12:25:50+00:00\",\"breadcrumb\":{\"@id\":\"https:\\\/\\\/arriva.sk\\\/bratislava\\\/modranske-vinobranie-2026-zmeny-v-doprave\\\/#breadcrumb\"},\"inLanguage\":\"sk-SK\",\"potentialAction\":[{\"@type\":\"ReadAction\",\"target\":[\"https:\\\/\\\/arriva.sk\\\/bratislava\\\/modranske-vinobranie-2026-zmeny-v-doprave\\\/\"]}]},{\"@type\":\"ImageObject\",\"inLanguage\":\"sk-SK\",\"@id\":\"https:\\\/\\\/arriva.sk\\\/bratislava\\\/modranske-vinobranie-2026-zmeny-v-doprave\\\/#primaryimage\",\"url\":\"https:\\\/\\\/arriva.sk\\\/bratislava\\\/wp-content\\\/uploads\\\/sites\\\/14\\\/2022\\\/06\\\/IMG_0858-Edit-Edit-e1680073367138.jpg\",\"contentUrl\":\"https:\\\/\\\/arriva.sk\\\/bratislava\\\/wp-content\\\/uploads\\\/sites\\\/14\\\/2022\\\/06\\\/IMG_0858-Edit-Edit-e1680073367138.jpg\",\"width\":1800,\"height\":1201},{\"@type\":\"BreadcrumbList\",\"@id\":\"https:\\\/\\\/arriva.sk\\\/bratislava\\\/modranske-vinobranie-2026-zmeny-v-doprave\\\/#breadcrumb\",\"itemListElement\":[{\"@type\":\"ListItem\",\"position\":1,\"name\":\"Home\",\"item\":\"https:\\\/\\\/arriva.sk\\\/bratislava\\\/\"},{\"@type\":\"ListItem\",\"position\":2,\"name\":\"Modransk\u00e9 vinobranie 2026 &#8211; Zmeny v doprave\"}]},{\"@type\":\"WebSite\",\"@id\":\"https:\\\/\\\/arriva.sk\\\/bratislava\\\/#website\",\"url\":\"https:\\\/\\\/arriva.sk\\\/bratislava\\\/\",\"name\":\"ARRIVA Bratislava\",\"description\":\"Autobusov\u00e1 doprava v Bratislave\",\"publisher\":{\"@id\":\"https:\\\/\\\/arriva.sk\\\/bratislava\\\/#organization\"},\"potentialAction\":[{\"@type\":\"SearchAction\",\"target\":{\"@type\":\"EntryPoint\",\"urlTemplate\":\"https:\\\/\\\/arriva.sk\\\/bratislava\\\/?s={search_term_string}\"},\"query-input\":{\"@type\":\"PropertyValueSpecification\",\"valueRequired\":true,\"valueName\":\"search_term_string\"}}],\"inLanguage\":\"sk-SK\"},{\"@type\":\"Organization\",\"@id\":\"https:\\\/\\\/arriva.sk\\\/bratislava\\\/#organization\",\"name\":\"ARRIVA Bratislava\",\"url\":\"https:\\\/\\\/arriva.sk\\\/bratislava\\\/\",\"logo\":{\"@type\":\"ImageObject\",\"inLanguage\":\"sk-SK\",\"@id\":\"https:\\\/\\\/arriva.sk\\\/bratislava\\\/#\\\/schema\\\/logo\\\/image\\\/\",\"url\":\"https:\\\/\\\/arriva.sk\\\/bratislava\\\/wp-content\\\/uploads\\\/sites\\\/10\\\/2021\\\/09\\\/logo-ba.png\",\"contentUrl\":\"https:\\\/\\\/arriva.sk\\\/bratislava\\\/wp-content\\\/uploads\\\/sites\\\/10\\\/2021\\\/09\\\/logo-ba.png\",\"width\":343,\"height\":90,\"caption\":\"ARRIVA Bratislava\"},\"image\":{\"@id\":\"https:\\\/\\\/arriva.sk\\\/bratislava\\\/#\\\/schema\\\/logo\\\/image\\\/\"}},{\"@type\":\"Person\",\"@id\":\"https:\\\/\\\/arriva.sk\\\/bratislava\\\/#\\\/schema\\\/person\\\/d104e64f3b61468ac1ed736ee5a3c748\",\"name\":\"abaeditor\"}]}<\/script>\n<!-- \/ Yoast SEO plugin. -->","yoast_head_json":{"title":"Modransk\u00e9 vinobranie 2026 - Zmeny v doprave - ARRIVA Bratislava","robots":{"index":"index","follow":"follow","max-snippet":"max-snippet:-1","max-image-preview":"max-image-preview:large","max-video-preview":"max-video-preview:-1"},"canonical":"https:\/\/arriva.sk\/bratislava\/modranske-vinobranie-2026-zmeny-v-doprave\/","og_locale":"sk_SK","og_type":"article","og_title":"Modransk\u00e9 vinobranie 2026 - Zmeny v doprave - ARRIVA Bratislava","og_description":"V\u00e1\u017een\u00ed cestuj\u00faci, Z d\u00f4vodu konania kult\u00farneho podujatia &#8222;Modransk\u00e9\u00a0vinobranie\u00a02026&#8220; bude od \u0161tvrtka 3. septembra do pondelka 7. septembra upraven\u00e1 prem\u00e1vka liniek 506, 539, 540, 550, 555, 565 a 599. V piatok 4. septembra a v sobotu 5. septembra bude zaveden\u00e1 posilov\u00e1 doprava. \u00a0 ZMENY V DOPRAVE Od \u0161tvrtka 03.09. 12:00 do pondelka 07.09. 06:00\u00a0d\u00f4jde k nasledovn\u00fdm [&hellip;]","og_url":"https:\/\/arriva.sk\/bratislava\/modranske-vinobranie-2026-zmeny-v-doprave\/","og_site_name":"ARRIVA Bratislava","article_published_time":"2026-08-28T12:23:27+00:00","article_modified_time":"2026-08-28T12:25:50+00:00","author":"abaeditor","twitter_card":"summary_large_image","twitter_image":"https:\/\/arriva.sk\/bratislava\/wp-content\/uploads\/sites\/14\/2022\/06\/IMG_0858-Edit-Edit-e1680073367138.jpg","twitter_misc":{"Autor":"abaeditor","Predpokladan\u00fd \u010das \u010d\u00edtania":"3 min\u00faty"},"schema":{"@context":"https:\/\/schema.org","@graph":[{"@type":"Article","@id":"https:\/\/arriva.sk\/bratislava\/modranske-vinobranie-2026-zmeny-v-doprave\/#article","isPartOf":{"@id":"https:\/\/arriva.sk\/bratislava\/modranske-vinobranie-2026-zmeny-v-doprave\/"},"author":{"name":"abaeditor","@id":"https:\/\/arriva.sk\/bratislava\/#\/schema\/person\/d104e64f3b61468ac1ed736ee5a3c748"},"headline":"Modransk\u00e9 vinobranie 2026 &#8211; Zmeny v doprave","datePublished":"2026-08-28T12:23:27+00:00","dateModified":"2026-08-28T12:25:50+00:00","mainEntityOfPage":{"@id":"https:\/\/arriva.sk\/bratislava\/modranske-vinobranie-2026-zmeny-v-doprave\/"},"wordCount":306,"publisher":{"@id":"https:\/\/arriva.sk\/bratislava\/#organization"},"image":{"@id":"https:\/\/arriva.sk\/bratislava\/modranske-vinobranie-2026-zmeny-v-doprave\/#primaryimage"},"thumbnailUrl":"https:\/\/arriva.sk\/bratislava\/wp-content\/uploads\/sites\/14\/2022\/06\/IMG_0858-Edit-Edit-e1680073367138.jpg","articleSection":["Dopravn\u00e1 aktualita"],"inLanguage":"sk-SK"},{"@type":"WebPage","@id":"https:\/\/arriva.sk\/bratislava\/modranske-vinobranie-2026-zmeny-v-doprave\/","url":"https:\/\/arriva.sk\/bratislava\/modranske-vinobranie-2026-zmeny-v-doprave\/","name":"Modransk\u00e9 vinobranie 2026 - Zmeny v doprave - ARRIVA Bratislava","isPartOf":{"@id":"https:\/\/arriva.sk\/bratislava\/#website"},"primaryImageOfPage":{"@id":"https:\/\/arriva.sk\/bratislava\/modranske-vinobranie-2026-zmeny-v-doprave\/#primaryimage"},"image":{"@id":"https:\/\/arriva.sk\/bratislava\/modranske-vinobranie-2026-zmeny-v-doprave\/#primaryimage"},"thumbnailUrl":"https:\/\/arriva.sk\/bratislava\/wp-content\/uploads\/sites\/14\/2022\/06\/IMG_0858-Edit-Edit-e1680073367138.jpg","datePublished":"2026-08-28T12:23:27+00:00","dateModified":"2026-08-28T12:25:50+00:00","breadcrumb":{"@id":"https:\/\/arriva.sk\/bratislava\/modranske-vinobranie-2026-zmeny-v-doprave\/#breadcrumb"},"inLanguage":"sk-SK","potentialAction":[{"@type":"ReadAction","target":["https:\/\/arriva.sk\/bratislava\/modranske-vinobranie-2026-zmeny-v-doprave\/"]}]},{"@type":"ImageObject","inLanguage":"sk-SK","@id":"https:\/\/arriva.sk\/bratislava\/modranske-vinobranie-2026-zmeny-v-doprave\/#primaryimage","url":"https:\/\/arriva.sk\/bratislava\/wp-content\/uploads\/sites\/14\/2022\/06\/IMG_0858-Edit-Edit-e1680073367138.jpg","contentUrl":"https:\/\/arriva.sk\/bratislava\/wp-content\/uploads\/sites\/14\/2022\/06\/IMG_0858-Edit-Edit-e1680073367138.jpg","width":1800,"height":1201},{"@type":"BreadcrumbList","@id":"https:\/\/arriva.sk\/bratislava\/modranske-vinobranie-2026-zmeny-v-doprave\/#breadcrumb","itemListElement":[{"@type":"ListItem","position":1,"name":"Home","item":"https:\/\/arriva.sk\/bratislava\/"},{"@type":"ListItem","position":2,"name":"Modransk\u00e9 vinobranie 2026 &#8211; Zmeny v doprave"}]},{"@type":"WebSite","@id":"https:\/\/arriva.sk\/bratislava\/#website","url":"https:\/\/arriva.sk\/bratislava\/","name":"ARRIVA Bratislava","description":"Autobusov\u00e1 doprava v Bratislave","publisher":{"@id":"https:\/\/arriva.sk\/bratislava\/#organization"},"potentialAction":[{"@type":"SearchAction","target":{"@type":"EntryPoint","urlTemplate":"https:\/\/arriva.sk\/bratislava\/?s={search_term_string}"},"query-input":{"@type":"PropertyValueSpecification","valueRequired":true,"valueName":"search_term_string"}}],"inLanguage":"sk-SK"},{"@type":"Organization","@id":"https:\/\/arriva.sk\/bratislava\/#organization","name":"ARRIVA Bratislava","url":"https:\/\/arriva.sk\/bratislava\/","logo":{"@type":"ImageObject","inLanguage":"sk-SK","@id":"https:\/\/arriva.sk\/bratislava\/#\/schema\/logo\/image\/","url":"https:\/\/arriva.sk\/bratislava\/wp-content\/uploads\/sites\/10\/2021\/09\/logo-ba.png","contentUrl":"https:\/\/arriva.sk\/bratislava\/wp-content\/uploads\/sites\/10\/2021\/09\/logo-ba.png","width":343,"height":90,"caption":"ARRIVA Bratislava"},"image":{"@id":"https:\/\/arriva.sk\/bratislava\/#\/schema\/logo\/image\/"}},{"@type":"Person","@id":"https:\/\/arriva.sk\/bratislava\/#\/schema\/person\/d104e64f3b61468ac1ed736ee5a3c748","name":"abaeditor"}]}},"_links":{"self":[{"href":"https:\/\/arriva.sk\/bratislava\/wp-json\/wp\/v2\/posts\/29563","targetHints":{"allow":["GET"]}}],"collection":[{"href":"https:\/\/arriva.sk\/bratislava\/wp-json\/wp\/v2\/posts"}],"about":[{"href":"https:\/\/arriva.sk\/bratislava\/wp-json\/wp\/v2\/types\/post"}],"author":[{"embeddable":true,"href":"https:\/\/arriva.sk\/bratislava\/wp-json\/wp\/v2\/users\/23"}],"replies":[{"embeddable":true,"href":"https:\/\/arriva.sk\/bratislava\/wp-json\/wp\/v2\/comments?post=29563"}],"version-history":[{"count":4,"href":"https:\/\/arriva.sk\/bratislava\/wp-json\/wp\/v2\/posts\/29563\/revisions"}],"predecessor-version":[{"id":29567,"href":"https:\/\/arriva.sk\/bratislava\/wp-json\/wp\/v2\/posts\/29563\/revisions\/29567"}],"wp:featuredmedia":[{"embeddable":true,"href":"https:\/\/arriva.sk\/bratislava\/wp-json\/wp\/v2\/media\/23485"}],"wp:attachment":[{"href":"https:\/\/arriva.sk\/bratislava\/wp-json\/wp\/v2\/media?parent=29563"}],"wp:term":[{"taxonomy":"category","embeddable":true,"href":"https:\/\/arriva.sk\/bratislava\/wp-json\/wp\/v2\/categories?post=29563"},{"taxonomy":"post_tag","embeddable":true,"href":"https:\/\/arriva.sk\/bratislava\/wp-json\/wp\/v2\/tags?post=29563"}],"curies":[{"name":"wp","href":"https:\/\/api.w.org\/{rel}","templated":true}]}}