{"id":29553,"date":"2026-08-25T17:34:41","date_gmt":"2026-08-25T15:34:41","guid":{"rendered":"https:\/\/arriva.sk\/bratislava\/?p=29553"},"modified":"2026-08-25T17:37:58","modified_gmt":"2026-08-25T15:37:58","slug":"zmeny-cestovnych-poriadkov-v-ids-bk-od-1-septembra-2026","status":"publish","type":"post","link":"https:\/\/arriva.sk\/bratislava\/zmeny-cestovnych-poriadkov-v-ids-bk-od-1-septembra-2026\/","title":{"rendered":"Zmeny cestovn\u00fdch poriadkov v IDS BK od 1. septembra 2026"},"content":{"rendered":"\t\t<div data-elementor-type=\"wp-post\" data-elementor-id=\"29553\" class=\"elementor elementor-29553\" data-elementor-post-type=\"post\">\n\t\t\t\t\t\t<section class=\"elementor-section elementor-top-section elementor-element elementor-element-5f655cbb elementor-section-boxed elementor-section-height-default elementor-section-height-default\" data-id=\"5f655cbb\" data-element_type=\"section\" data-e-type=\"section\">\n\t\t\t\t\t\t<div class=\"elementor-container elementor-column-gap-default\">\n\t\t\t\t\t<div class=\"elementor-column elementor-col-100 elementor-top-column elementor-element elementor-element-7e5d688f\" data-id=\"7e5d688f\" data-element_type=\"column\" data-e-type=\"column\">\n\t\t\t<div class=\"elementor-widget-wrap elementor-element-populated\">\n\t\t\t\t\t\t<div class=\"elementor-element elementor-element-1c049d1c elementor-widget__width-initial elementor-widget elementor-widget-text-editor\" data-id=\"1c049d1c\" data-element_type=\"widget\" data-e-type=\"widget\" data-widget_type=\"text-editor.default\">\n\t\t\t\t<div class=\"elementor-widget-container\">\n\t\t\t\t\t\t\t\t\t<p>V\u00e1\u017een\u00ed cestuj\u00faci,<\/p>\n<section><main><p><\/p>\n<div class=\"container\">\n<div class=\"row\">\n<div class=\"col-md-8\">\n<div>\n<div>\n<div class=\"wm wb wc179\">\n<div>\n<div class=\"markdown markdown-container\">\n<section>v utorok <b>1. septembra 2026<\/b> vst\u00fapia do platnosti <b>nov\u00e9 cestovn\u00e9 poriadky<\/b> v Integrovanom dopravnom syst\u00e9me v Bratislavskom kraji. Zmeny sa t\u00fdkaj\u00fa liniek <b>region\u00e1lnej autobusovej dopravy<\/b> 219, 277, 506, 521, 525, 528, 529, 531, 539, 545, 550, 555, 565, 640, 645, 658, 666, 725, 727 a 799 <b>a vlakov\u00fdch liniek<\/b> S50, S60, S70, R50, R55, R60 a R70.<\/section>\n<p><em>Hlavn\u00fdm d\u00f4vodom zmien cestovn\u00fdch poriadkov je v\u00fdluka na bratislavskej Hlavnej \u017eelezni\u010dnej stanici, ktor\u00e1 bude prebieha\u0165 z d\u00f4vodu reko\u0161truk\u010dn\u00fdch pr\u00e1c na \u017eelezni\u010dnej infra\u0161trukt\u00fare. Stanica zostane v prev\u00e1dzke, zmeny sa dotkn\u00fa vybran\u00fdch vlakov\u00fdch liniek. \u010cas\u0165 z nich bude do\u010dasne veden\u00e1 do stanice Bratislava-Nov\u00e9 Mesto.<\/em><\/p>\n<h4 id=\"zmeny-v-regionalnej-autobusovej-doprave\">ZMENY V REGION\u00c1LNEJ AUTOBUSOVEJ DOPRAVE<\/h4>\n<p><img decoding=\"async\" role=\"img\" class=\"emoji\" alt=\"\u27a1\ufe0f\" src=\"https:\/\/s.w.org\/images\/core\/emoji\/17.0.2\/svg\/27a1.svg\"> <b>v s\u00favislosti so zmenami vo vlakovej doprave:<\/b><\/p>\n<ul>\n<li>linka <b>506<\/b> bude po\u010das v\u00fdlukov\u00e9ho grafikonu vlakovej dopravy obsluhova\u0165 v smere do Bratislavy aj zast\u00e1vku Sv\u00e4t\u00fd Jur, Krajinsk\u00e1,\n<ul>\n<li>spoj linky 506 z Vi\u0161tuku bude posunut\u00fd o 14 min. sk\u00f4r a v \u00faseku Vi\u0161tuk &#8211; Pezinok veden\u00fd ako linka 565 s obsluhou v\u0161etk\u00fdch zast\u00e1vok po trase, v \u00faseku Pezinok &#8211; Bratislava zost\u00e1va na\u010falej na expresnej linke 506,<\/li>\n<\/ul>\n<\/li>\n<li>na linke <b>521<\/b> bud\u00fa v doobed\u0148aj\u0161\u00edch hodin\u00e1ch po\u010das vo\u013en\u00fdch dn\u00ed doplnen\u00e9 3 nov\u00e9 p\u00e1ry spojov, v\u010faka \u010domu bude celot\u00fd\u017edenne medzi Limbachom a Pezinkom prem\u00e1va\u0165 linka 521 minim\u00e1lne ka\u017ed\u00fdch 60 min\u00fat,\n<ul>\n<li>drobn\u00fd posun odchodov z Pezinka do Limbachu v \u010dase poobednej \u0161pi\u010dky pracovn\u00fdch dn\u00ed,<\/li>\n<\/ul>\n<\/li>\n<li>na link\u00e1ch <b>529, 539, 545, 550, 555, 565, 640<\/b> a <b>658<\/b> d\u00f4jde k posunom jednotliv\u00fdch odchodov v s\u00favislosti so zmenou grafikonu vlakovej dopravy na tratiach Bratislava &#8211; Trnava a Bratislava &#8211; Galanta.<\/li>\n<\/ul>\n<p><img decoding=\"async\" role=\"img\" class=\"emoji\" alt=\"\u27a1\ufe0f\" src=\"https:\/\/s.w.org\/images\/core\/emoji\/17.0.2\/svg\/27a1.svg\"> <b>pre zlep\u0161enie obslu\u017enosti<\/b>:<\/p><ul>\n<li>na linke <b>525<\/b> d\u00f4jde k roz\u0161\u00edreniu obsluhy zast\u00e1vky Ch. Grob, Obchodn\u00e1 (OC Klokan),<\/li>\n<li>na linke <b>528<\/b> bude prv\u00fd spoj po\u010das pracovn\u00fdch dn\u00ed do Bernol\u00e1kova prem\u00e1va\u0165 u\u017e z Pezinka (v zast\u00e1vke Ch. Grob, N\u00e1mestie bude na tento spoj nadv\u00e4zova\u0165 spoj linky 525 do Bratislavy pre zabezpe\u010denie doch\u00e1dzky zamestnancov do OC Klokan z Pezinka) a spoj o 05:35 z Bernol\u00e1kova do Pezinka po\u010das pracovn\u00fdch dn\u00ed bude prem\u00e1va\u0165 u\u017e z Ivanky pri Dunaji,<\/li>\n<li>linky <b>725<\/b> a <b>799<\/b> bud\u00fa obsluhova\u0165 v smere do Miloslavova <b>nov\u00fa zast\u00e1vku Dunajsk\u00e1 Lu\u017en\u00e1, Malinov\u00e1<\/b>,<\/li>\n<li>na linke <b>727<\/b> bud\u00fa spoje, ktor\u00e9 neprem\u00e1vaj\u00fa cez Lipnicu, obsluhova\u0165 v smere do \u0160amor\u00edna <b>nov\u00fa zast\u00e1vku Dunajsk\u00e1 Lu\u017en\u00e1, N\u00e1kup. centrum<\/b>,<\/li>\n<li>k drobn\u00fdm zmen\u00e1m pr\u00edde aj na link\u00e1ch <b>219, 277, 531, 645<\/b> a <b>666<\/b>.<\/li>\n<\/ul><br><p><a href=\"https:\/\/www.bid.sk\/media\/20260823-rekonstrukcia-zeleznicnej-infrastruktury-prinesie-zmeny-v-do\/\" target=\"_blank\" rel=\"noopener\">Viac inform\u00e1cii k v\u00fdluke na bratislavskej hlavnej stanici TU<\/a><\/p><p><a href=\"https:\/\/www.idsbk.sk\/download\/21zxa001sk51d.pdf\"><em>Praktick\u00e9 inform\u00e1cie pre cestuj\u00facich<\/em><\/a><\/p>\n<p><img decoding=\"async\" class=\"img-responsive\" src=\"https:\/\/www.idsbk.sk\/download\/21zxc001sk51d.png\" alt=\"HL_stanica dnes\" border=\"0\"><\/p>\n<\/div>\n<\/div>\n<\/div>\n<\/div>\n<\/div>\n<\/div><\/div>\n<\/div>\n<p><\/p><\/main><p><\/p><p>V pr\u00edpade ot\u00e1zok m\u00f4\u017eete kontaktova\u0165 <b>InfoCentrum IDS BK<\/b>:&nbsp;<\/p>\n<\/section>\n<p><b><img decoding=\"async\" class=\"emoji\" role=\"img\" src=\"https:\/\/s.w.org\/images\/core\/emoji\/16.0.1\/svg\/1f4e7.svg\" alt=\"\ud83d\udce7\"> info@idsbk.sk, <img decoding=\"async\" class=\"emoji\" role=\"img\" src=\"https:\/\/s.w.org\/images\/core\/emoji\/16.0.1\/svg\/260e.svg\" alt=\"\u260e\ufe0f\">+421 948 102&nbsp;<\/b><\/p>\t\t\t\t\t\t\t\t<\/div>\n\t\t\t\t<\/div>\n\t\t\t\t\t<\/div>\n\t\t<\/div>\n\t\t\t\t\t<\/div>\n\t\t<\/section>\n\t\t\t\t<section class=\"elementor-section elementor-top-section elementor-element elementor-element-f7c6237 elementor-section-boxed elementor-section-height-default elementor-section-height-default\" data-id=\"f7c6237\" data-element_type=\"section\" data-e-type=\"section\">\n\t\t\t\t\t\t<div class=\"elementor-container elementor-column-gap-default\">\n\t\t\t\t\t<div class=\"elementor-column elementor-col-100 elementor-top-column elementor-element elementor-element-d5111dd\" data-id=\"d5111dd\" data-element_type=\"column\" data-e-type=\"column\">\n\t\t\t<div class=\"elementor-widget-wrap elementor-element-populated\">\n\t\t\t\t\t\t<div class=\"elementor-element elementor-element-b2c8f48 elementor-widget elementor-widget-image\" data-id=\"b2c8f48\" data-element_type=\"widget\" data-e-type=\"widget\" data-widget_type=\"image.default\">\n\t\t\t\t<div class=\"elementor-widget-container\">\n\t\t\t\t\t\t\t\t\t\t\t\t\t\t\t\t<a href=\"https:\/\/arriva.sk\/\/files\/ba\/dokumenty\/V\u00fdluka%20Borinka%20II.%20etapa.pdf%20\">\n\t\t\t\t\t\t\t<img fetchpriority=\"high\" decoding=\"async\" width=\"1320\" height=\"881\" src=\"https:\/\/arriva.sk\/bratislava\/wp-content\/uploads\/sites\/14\/2025\/07\/autobus.jpg\" class=\"attachment-full size-full wp-image-28781\" alt=\"\" srcset=\"https:\/\/arriva.sk\/bratislava\/wp-content\/uploads\/sites\/14\/2025\/07\/autobus.jpg 1320w, https:\/\/arriva.sk\/bratislava\/wp-content\/uploads\/sites\/14\/2025\/07\/autobus-300x200.jpg 300w, https:\/\/arriva.sk\/bratislava\/wp-content\/uploads\/sites\/14\/2025\/07\/autobus-1030x687.jpg 1030w, https:\/\/arriva.sk\/bratislava\/wp-content\/uploads\/sites\/14\/2025\/07\/autobus-768x513.jpg 768w\" sizes=\"(max-width: 1320px) 100vw, 1320px\" \/>\t\t\t\t\t\t\t\t<\/a>\n\t\t\t\t\t\t\t\t\t\t\t\t\t\t\t<\/div>\n\t\t\t\t<\/div>\n\t\t\t\t\t<\/div>\n\t\t<\/div>\n\t\t\t\t\t<\/div>\n\t\t<\/section>\n\t\t\t\t<\/div>\n\t\t","protected":false},"excerpt":{"rendered":"<p>V\u00e1\u017een\u00ed cestuj\u00faci, v utorok 1. septembra 2026 vst\u00fapia do platnosti nov\u00e9 cestovn\u00e9 poriadky v Integrovanom dopravnom syst\u00e9me v Bratislavskom kraji. Zmeny sa t\u00fdkaj\u00fa liniek region\u00e1lnej autobusovej dopravy 219, 277, 506, 521, 525, 528, 529, 531, 539, 545, 550, 555, 565, 640, 645, 658, 666, 725, 727 a 799 a vlakov\u00fdch liniek S50, S60, S70, R50, [&hellip;]<\/p>\n","protected":false},"author":23,"featured_media":23485,"comment_status":"closed","ping_status":"closed","sticky":false,"template":"","format":"standard","meta":{"_acf_changed":false,"footnotes":""},"categories":[40],"tags":[],"class_list":["post-29553","post","type-post","status-publish","format-standard","has-post-thumbnail","hentry","category-dopravna-aktualita"],"acf":[],"yoast_head":"<!-- This site is optimized with the Yoast SEO plugin v27.6 - https:\/\/yoast.com\/product\/yoast-seo-wordpress\/ -->\n<title>Zmeny cestovn\u00fdch poriadkov v IDS BK od 1. septembra 2026 - ARRIVA Bratislava<\/title>\n<meta name=\"robots\" content=\"index, follow, max-snippet:-1, max-image-preview:large, max-video-preview:-1\" \/>\n<link rel=\"canonical\" href=\"https:\/\/arriva.sk\/bratislava\/zmeny-cestovnych-poriadkov-v-ids-bk-od-1-septembra-2026\/\" \/>\n<meta property=\"og:locale\" content=\"sk_SK\" \/>\n<meta property=\"og:type\" content=\"article\" \/>\n<meta property=\"og:title\" content=\"Zmeny cestovn\u00fdch poriadkov v IDS BK od 1. septembra 2026 - ARRIVA Bratislava\" \/>\n<meta property=\"og:description\" content=\"V\u00e1\u017een\u00ed cestuj\u00faci, v utorok 1. septembra 2026 vst\u00fapia do platnosti nov\u00e9 cestovn\u00e9 poriadky v Integrovanom dopravnom syst\u00e9me v Bratislavskom kraji. Zmeny sa t\u00fdkaj\u00fa liniek region\u00e1lnej autobusovej dopravy 219, 277, 506, 521, 525, 528, 529, 531, 539, 545, 550, 555, 565, 640, 645, 658, 666, 725, 727 a 799 a vlakov\u00fdch liniek S50, S60, S70, R50, [&hellip;]\" \/>\n<meta property=\"og:url\" content=\"https:\/\/arriva.sk\/bratislava\/zmeny-cestovnych-poriadkov-v-ids-bk-od-1-septembra-2026\/\" \/>\n<meta property=\"og:site_name\" content=\"ARRIVA Bratislava\" \/>\n<meta property=\"article:published_time\" content=\"2026-08-25T15:34:41+00:00\" \/>\n<meta property=\"article:modified_time\" content=\"2026-08-25T15:37:58+00:00\" \/>\n<meta name=\"author\" content=\"abaeditor\" \/>\n<meta name=\"twitter:card\" content=\"summary_large_image\" \/>\n<meta name=\"twitter:image\" content=\"https:\/\/arriva.sk\/bratislava\/wp-content\/uploads\/sites\/14\/2022\/06\/IMG_0858-Edit-Edit-e1680073367138.jpg\" \/>\n<meta name=\"twitter:label1\" content=\"Autor\" \/>\n\t<meta name=\"twitter:data1\" content=\"abaeditor\" \/>\n\t<meta name=\"twitter:label2\" content=\"Predpokladan\u00fd \u010das \u010d\u00edtania\" \/>\n\t<meta name=\"twitter:data2\" content=\"4 min\u00faty\" \/>\n<script type=\"application\/ld+json\" class=\"yoast-schema-graph\">{\"@context\":\"https:\\\/\\\/schema.org\",\"@graph\":[{\"@type\":\"Article\",\"@id\":\"https:\\\/\\\/arriva.sk\\\/bratislava\\\/zmeny-cestovnych-poriadkov-v-ids-bk-od-1-septembra-2026\\\/#article\",\"isPartOf\":{\"@id\":\"https:\\\/\\\/arriva.sk\\\/bratislava\\\/zmeny-cestovnych-poriadkov-v-ids-bk-od-1-septembra-2026\\\/\"},\"author\":{\"name\":\"abaeditor\",\"@id\":\"https:\\\/\\\/arriva.sk\\\/bratislava\\\/#\\\/schema\\\/person\\\/d104e64f3b61468ac1ed736ee5a3c748\"},\"headline\":\"Zmeny cestovn\u00fdch poriadkov v IDS BK od 1. septembra 2026\",\"datePublished\":\"2026-08-25T15:34:41+00:00\",\"dateModified\":\"2026-08-25T15:37:58+00:00\",\"mainEntityOfPage\":{\"@id\":\"https:\\\/\\\/arriva.sk\\\/bratislava\\\/zmeny-cestovnych-poriadkov-v-ids-bk-od-1-septembra-2026\\\/\"},\"wordCount\":444,\"publisher\":{\"@id\":\"https:\\\/\\\/arriva.sk\\\/bratislava\\\/#organization\"},\"image\":{\"@id\":\"https:\\\/\\\/arriva.sk\\\/bratislava\\\/zmeny-cestovnych-poriadkov-v-ids-bk-od-1-septembra-2026\\\/#primaryimage\"},\"thumbnailUrl\":\"https:\\\/\\\/arriva.sk\\\/bratislava\\\/wp-content\\\/uploads\\\/sites\\\/14\\\/2022\\\/06\\\/IMG_0858-Edit-Edit-e1680073367138.jpg\",\"articleSection\":[\"Dopravn\u00e1 aktualita\"],\"inLanguage\":\"sk-SK\"},{\"@type\":\"WebPage\",\"@id\":\"https:\\\/\\\/arriva.sk\\\/bratislava\\\/zmeny-cestovnych-poriadkov-v-ids-bk-od-1-septembra-2026\\\/\",\"url\":\"https:\\\/\\\/arriva.sk\\\/bratislava\\\/zmeny-cestovnych-poriadkov-v-ids-bk-od-1-septembra-2026\\\/\",\"name\":\"Zmeny cestovn\u00fdch poriadkov v IDS BK od 1. septembra 2026 - ARRIVA Bratislava\",\"isPartOf\":{\"@id\":\"https:\\\/\\\/arriva.sk\\\/bratislava\\\/#website\"},\"primaryImageOfPage\":{\"@id\":\"https:\\\/\\\/arriva.sk\\\/bratislava\\\/zmeny-cestovnych-poriadkov-v-ids-bk-od-1-septembra-2026\\\/#primaryimage\"},\"image\":{\"@id\":\"https:\\\/\\\/arriva.sk\\\/bratislava\\\/zmeny-cestovnych-poriadkov-v-ids-bk-od-1-septembra-2026\\\/#primaryimage\"},\"thumbnailUrl\":\"https:\\\/\\\/arriva.sk\\\/bratislava\\\/wp-content\\\/uploads\\\/sites\\\/14\\\/2022\\\/06\\\/IMG_0858-Edit-Edit-e1680073367138.jpg\",\"datePublished\":\"2026-08-25T15:34:41+00:00\",\"dateModified\":\"2026-08-25T15:37:58+00:00\",\"breadcrumb\":{\"@id\":\"https:\\\/\\\/arriva.sk\\\/bratislava\\\/zmeny-cestovnych-poriadkov-v-ids-bk-od-1-septembra-2026\\\/#breadcrumb\"},\"inLanguage\":\"sk-SK\",\"potentialAction\":[{\"@type\":\"ReadAction\",\"target\":[\"https:\\\/\\\/arriva.sk\\\/bratislava\\\/zmeny-cestovnych-poriadkov-v-ids-bk-od-1-septembra-2026\\\/\"]}]},{\"@type\":\"ImageObject\",\"inLanguage\":\"sk-SK\",\"@id\":\"https:\\\/\\\/arriva.sk\\\/bratislava\\\/zmeny-cestovnych-poriadkov-v-ids-bk-od-1-septembra-2026\\\/#primaryimage\",\"url\":\"https:\\\/\\\/arriva.sk\\\/bratislava\\\/wp-content\\\/uploads\\\/sites\\\/14\\\/2022\\\/06\\\/IMG_0858-Edit-Edit-e1680073367138.jpg\",\"contentUrl\":\"https:\\\/\\\/arriva.sk\\\/bratislava\\\/wp-content\\\/uploads\\\/sites\\\/14\\\/2022\\\/06\\\/IMG_0858-Edit-Edit-e1680073367138.jpg\",\"width\":1800,\"height\":1201},{\"@type\":\"BreadcrumbList\",\"@id\":\"https:\\\/\\\/arriva.sk\\\/bratislava\\\/zmeny-cestovnych-poriadkov-v-ids-bk-od-1-septembra-2026\\\/#breadcrumb\",\"itemListElement\":[{\"@type\":\"ListItem\",\"position\":1,\"name\":\"Home\",\"item\":\"https:\\\/\\\/arriva.sk\\\/bratislava\\\/\"},{\"@type\":\"ListItem\",\"position\":2,\"name\":\"Zmeny cestovn\u00fdch poriadkov v IDS BK od 1. septembra 2026\"}]},{\"@type\":\"WebSite\",\"@id\":\"https:\\\/\\\/arriva.sk\\\/bratislava\\\/#website\",\"url\":\"https:\\\/\\\/arriva.sk\\\/bratislava\\\/\",\"name\":\"ARRIVA Bratislava\",\"description\":\"Autobusov\u00e1 doprava v Bratislave\",\"publisher\":{\"@id\":\"https:\\\/\\\/arriva.sk\\\/bratislava\\\/#organization\"},\"potentialAction\":[{\"@type\":\"SearchAction\",\"target\":{\"@type\":\"EntryPoint\",\"urlTemplate\":\"https:\\\/\\\/arriva.sk\\\/bratislava\\\/?s={search_term_string}\"},\"query-input\":{\"@type\":\"PropertyValueSpecification\",\"valueRequired\":true,\"valueName\":\"search_term_string\"}}],\"inLanguage\":\"sk-SK\"},{\"@type\":\"Organization\",\"@id\":\"https:\\\/\\\/arriva.sk\\\/bratislava\\\/#organization\",\"name\":\"ARRIVA Bratislava\",\"url\":\"https:\\\/\\\/arriva.sk\\\/bratislava\\\/\",\"logo\":{\"@type\":\"ImageObject\",\"inLanguage\":\"sk-SK\",\"@id\":\"https:\\\/\\\/arriva.sk\\\/bratislava\\\/#\\\/schema\\\/logo\\\/image\\\/\",\"url\":\"https:\\\/\\\/arriva.sk\\\/bratislava\\\/wp-content\\\/uploads\\\/sites\\\/10\\\/2021\\\/09\\\/logo-ba.png\",\"contentUrl\":\"https:\\\/\\\/arriva.sk\\\/bratislava\\\/wp-content\\\/uploads\\\/sites\\\/10\\\/2021\\\/09\\\/logo-ba.png\",\"width\":343,\"height\":90,\"caption\":\"ARRIVA Bratislava\"},\"image\":{\"@id\":\"https:\\\/\\\/arriva.sk\\\/bratislava\\\/#\\\/schema\\\/logo\\\/image\\\/\"}},{\"@type\":\"Person\",\"@id\":\"https:\\\/\\\/arriva.sk\\\/bratislava\\\/#\\\/schema\\\/person\\\/d104e64f3b61468ac1ed736ee5a3c748\",\"name\":\"abaeditor\"}]}<\/script>\n<!-- \/ Yoast SEO plugin. -->","yoast_head_json":{"title":"Zmeny cestovn\u00fdch poriadkov v IDS BK od 1. septembra 2026 - ARRIVA Bratislava","robots":{"index":"index","follow":"follow","max-snippet":"max-snippet:-1","max-image-preview":"max-image-preview:large","max-video-preview":"max-video-preview:-1"},"canonical":"https:\/\/arriva.sk\/bratislava\/zmeny-cestovnych-poriadkov-v-ids-bk-od-1-septembra-2026\/","og_locale":"sk_SK","og_type":"article","og_title":"Zmeny cestovn\u00fdch poriadkov v IDS BK od 1. septembra 2026 - ARRIVA Bratislava","og_description":"V\u00e1\u017een\u00ed cestuj\u00faci, v utorok 1. septembra 2026 vst\u00fapia do platnosti nov\u00e9 cestovn\u00e9 poriadky v Integrovanom dopravnom syst\u00e9me v Bratislavskom kraji. Zmeny sa t\u00fdkaj\u00fa liniek region\u00e1lnej autobusovej dopravy 219, 277, 506, 521, 525, 528, 529, 531, 539, 545, 550, 555, 565, 640, 645, 658, 666, 725, 727 a 799 a vlakov\u00fdch liniek S50, S60, S70, R50, [&hellip;]","og_url":"https:\/\/arriva.sk\/bratislava\/zmeny-cestovnych-poriadkov-v-ids-bk-od-1-septembra-2026\/","og_site_name":"ARRIVA Bratislava","article_published_time":"2026-08-25T15:34:41+00:00","article_modified_time":"2026-08-25T15:37:58+00:00","author":"abaeditor","twitter_card":"summary_large_image","twitter_image":"https:\/\/arriva.sk\/bratislava\/wp-content\/uploads\/sites\/14\/2022\/06\/IMG_0858-Edit-Edit-e1680073367138.jpg","twitter_misc":{"Autor":"abaeditor","Predpokladan\u00fd \u010das \u010d\u00edtania":"4 min\u00faty"},"schema":{"@context":"https:\/\/schema.org","@graph":[{"@type":"Article","@id":"https:\/\/arriva.sk\/bratislava\/zmeny-cestovnych-poriadkov-v-ids-bk-od-1-septembra-2026\/#article","isPartOf":{"@id":"https:\/\/arriva.sk\/bratislava\/zmeny-cestovnych-poriadkov-v-ids-bk-od-1-septembra-2026\/"},"author":{"name":"abaeditor","@id":"https:\/\/arriva.sk\/bratislava\/#\/schema\/person\/d104e64f3b61468ac1ed736ee5a3c748"},"headline":"Zmeny cestovn\u00fdch poriadkov v IDS BK od 1. septembra 2026","datePublished":"2026-08-25T15:34:41+00:00","dateModified":"2026-08-25T15:37:58+00:00","mainEntityOfPage":{"@id":"https:\/\/arriva.sk\/bratislava\/zmeny-cestovnych-poriadkov-v-ids-bk-od-1-septembra-2026\/"},"wordCount":444,"publisher":{"@id":"https:\/\/arriva.sk\/bratislava\/#organization"},"image":{"@id":"https:\/\/arriva.sk\/bratislava\/zmeny-cestovnych-poriadkov-v-ids-bk-od-1-septembra-2026\/#primaryimage"},"thumbnailUrl":"https:\/\/arriva.sk\/bratislava\/wp-content\/uploads\/sites\/14\/2022\/06\/IMG_0858-Edit-Edit-e1680073367138.jpg","articleSection":["Dopravn\u00e1 aktualita"],"inLanguage":"sk-SK"},{"@type":"WebPage","@id":"https:\/\/arriva.sk\/bratislava\/zmeny-cestovnych-poriadkov-v-ids-bk-od-1-septembra-2026\/","url":"https:\/\/arriva.sk\/bratislava\/zmeny-cestovnych-poriadkov-v-ids-bk-od-1-septembra-2026\/","name":"Zmeny cestovn\u00fdch poriadkov v IDS BK od 1. septembra 2026 - ARRIVA Bratislava","isPartOf":{"@id":"https:\/\/arriva.sk\/bratislava\/#website"},"primaryImageOfPage":{"@id":"https:\/\/arriva.sk\/bratislava\/zmeny-cestovnych-poriadkov-v-ids-bk-od-1-septembra-2026\/#primaryimage"},"image":{"@id":"https:\/\/arriva.sk\/bratislava\/zmeny-cestovnych-poriadkov-v-ids-bk-od-1-septembra-2026\/#primaryimage"},"thumbnailUrl":"https:\/\/arriva.sk\/bratislava\/wp-content\/uploads\/sites\/14\/2022\/06\/IMG_0858-Edit-Edit-e1680073367138.jpg","datePublished":"2026-08-25T15:34:41+00:00","dateModified":"2026-08-25T15:37:58+00:00","breadcrumb":{"@id":"https:\/\/arriva.sk\/bratislava\/zmeny-cestovnych-poriadkov-v-ids-bk-od-1-septembra-2026\/#breadcrumb"},"inLanguage":"sk-SK","potentialAction":[{"@type":"ReadAction","target":["https:\/\/arriva.sk\/bratislava\/zmeny-cestovnych-poriadkov-v-ids-bk-od-1-septembra-2026\/"]}]},{"@type":"ImageObject","inLanguage":"sk-SK","@id":"https:\/\/arriva.sk\/bratislava\/zmeny-cestovnych-poriadkov-v-ids-bk-od-1-septembra-2026\/#primaryimage","url":"https:\/\/arriva.sk\/bratislava\/wp-content\/uploads\/sites\/14\/2022\/06\/IMG_0858-Edit-Edit-e1680073367138.jpg","contentUrl":"https:\/\/arriva.sk\/bratislava\/wp-content\/uploads\/sites\/14\/2022\/06\/IMG_0858-Edit-Edit-e1680073367138.jpg","width":1800,"height":1201},{"@type":"BreadcrumbList","@id":"https:\/\/arriva.sk\/bratislava\/zmeny-cestovnych-poriadkov-v-ids-bk-od-1-septembra-2026\/#breadcrumb","itemListElement":[{"@type":"ListItem","position":1,"name":"Home","item":"https:\/\/arriva.sk\/bratislava\/"},{"@type":"ListItem","position":2,"name":"Zmeny cestovn\u00fdch poriadkov v IDS BK od 1. septembra 2026"}]},{"@type":"WebSite","@id":"https:\/\/arriva.sk\/bratislava\/#website","url":"https:\/\/arriva.sk\/bratislava\/","name":"ARRIVA Bratislava","description":"Autobusov\u00e1 doprava v Bratislave","publisher":{"@id":"https:\/\/arriva.sk\/bratislava\/#organization"},"potentialAction":[{"@type":"SearchAction","target":{"@type":"EntryPoint","urlTemplate":"https:\/\/arriva.sk\/bratislava\/?s={search_term_string}"},"query-input":{"@type":"PropertyValueSpecification","valueRequired":true,"valueName":"search_term_string"}}],"inLanguage":"sk-SK"},{"@type":"Organization","@id":"https:\/\/arriva.sk\/bratislava\/#organization","name":"ARRIVA Bratislava","url":"https:\/\/arriva.sk\/bratislava\/","logo":{"@type":"ImageObject","inLanguage":"sk-SK","@id":"https:\/\/arriva.sk\/bratislava\/#\/schema\/logo\/image\/","url":"https:\/\/arriva.sk\/bratislava\/wp-content\/uploads\/sites\/10\/2021\/09\/logo-ba.png","contentUrl":"https:\/\/arriva.sk\/bratislava\/wp-content\/uploads\/sites\/10\/2021\/09\/logo-ba.png","width":343,"height":90,"caption":"ARRIVA Bratislava"},"image":{"@id":"https:\/\/arriva.sk\/bratislava\/#\/schema\/logo\/image\/"}},{"@type":"Person","@id":"https:\/\/arriva.sk\/bratislava\/#\/schema\/person\/d104e64f3b61468ac1ed736ee5a3c748","name":"abaeditor"}]}},"_links":{"self":[{"href":"https:\/\/arriva.sk\/bratislava\/wp-json\/wp\/v2\/posts\/29553","targetHints":{"allow":["GET"]}}],"collection":[{"href":"https:\/\/arriva.sk\/bratislava\/wp-json\/wp\/v2\/posts"}],"about":[{"href":"https:\/\/arriva.sk\/bratislava\/wp-json\/wp\/v2\/types\/post"}],"author":[{"embeddable":true,"href":"https:\/\/arriva.sk\/bratislava\/wp-json\/wp\/v2\/users\/23"}],"replies":[{"embeddable":true,"href":"https:\/\/arriva.sk\/bratislava\/wp-json\/wp\/v2\/comments?post=29553"}],"version-history":[{"count":4,"href":"https:\/\/arriva.sk\/bratislava\/wp-json\/wp\/v2\/posts\/29553\/revisions"}],"predecessor-version":[{"id":29557,"href":"https:\/\/arriva.sk\/bratislava\/wp-json\/wp\/v2\/posts\/29553\/revisions\/29557"}],"wp:featuredmedia":[{"embeddable":true,"href":"https:\/\/arriva.sk\/bratislava\/wp-json\/wp\/v2\/media\/23485"}],"wp:attachment":[{"href":"https:\/\/arriva.sk\/bratislava\/wp-json\/wp\/v2\/media?parent=29553"}],"wp:term":[{"taxonomy":"category","embeddable":true,"href":"https:\/\/arriva.sk\/bratislava\/wp-json\/wp\/v2\/categories?post=29553"},{"taxonomy":"post_tag","embeddable":true,"href":"https:\/\/arriva.sk\/bratislava\/wp-json\/wp\/v2\/tags?post=29553"}],"curies":[{"name":"wp","href":"https:\/\/api.w.org\/{rel}","templated":true}]}}