{"id":29547,"date":"2026-08-19T08:52:17","date_gmt":"2026-08-19T06:52:17","guid":{"rendered":"https:\/\/arriva.sk\/bratislava\/?p=29547"},"modified":"2026-08-19T08:52:50","modified_gmt":"2026-08-19T06:52:50","slug":"cyklisticke-preteky-obmedzenia-na-linkach-mhd-a-rad","status":"publish","type":"post","link":"https:\/\/arriva.sk\/bratislava\/cyklisticke-preteky-obmedzenia-na-linkach-mhd-a-rad\/","title":{"rendered":"Cyklistick\u00e9 preteky \u2013 obmedzenia na link\u00e1ch MHD a RAD"},"content":{"rendered":"\t\t<div data-elementor-type=\"wp-post\" data-elementor-id=\"29547\" class=\"elementor elementor-29547\" data-elementor-post-type=\"post\">\n\t\t\t\t\t\t<section class=\"elementor-section elementor-top-section elementor-element elementor-element-5f655cbb elementor-section-boxed elementor-section-height-default elementor-section-height-default\" data-id=\"5f655cbb\" data-element_type=\"section\" data-e-type=\"section\">\n\t\t\t\t\t\t<div class=\"elementor-container elementor-column-gap-default\">\n\t\t\t\t\t<div class=\"elementor-column elementor-col-100 elementor-top-column elementor-element elementor-element-7e5d688f\" data-id=\"7e5d688f\" data-element_type=\"column\" data-e-type=\"column\">\n\t\t\t<div class=\"elementor-widget-wrap elementor-element-populated\">\n\t\t\t\t\t\t<div class=\"elementor-element elementor-element-1c049d1c elementor-widget__width-initial elementor-widget elementor-widget-text-editor\" data-id=\"1c049d1c\" data-element_type=\"widget\" data-e-type=\"widget\" data-widget_type=\"text-editor.default\">\n\t\t\t\t<div class=\"elementor-widget-container\">\n\t\t\t\t\t\t\t\t\t<p>V\u00e1\u017een\u00ed cestuj\u00faci,<\/p><section><section>Z d\u00f4vodu konania cyklistick\u00e9ho podujatia L\u00b4Etape Slovakia by Tour de France 2026, bude v nede\u013eu 23. augusta 2026 v doobed\u0148aj\u0161\u00edch hodin\u00e1ch upraven\u00e1 prem\u00e1vka liniek MHD a RAD.<\/section><br \/><p><strong>Dotknut\u00e9 linky bud\u00fa prem\u00e1va\u0165 nasledovne:<\/strong><\/p><ul><li>Spoje <strong>249\/201, 202, 203, 204, 215 a 216<\/strong> (odchody z Malaciek o 6:37 a 8:37 a z Pezinskej Baby o 10:06 smer Pezinok a z Pezinka o 8:33, 9:33 a 10:33 smer Malacky\/Pezinsk\u00e1 Baba) nebud\u00fa prem\u00e1va\u0165.<\/li><li>Spoje <strong>269\/205, 207, 210 a 212<\/strong> (odchody z Bratislavy o 7:38 a 8:38 smer Roho\u017en\u00edk a z Roho\u017en\u00edka o 8:03 a 9:03 smer Bratislava) p\u00f4jdu medzi zast\u00e1vkami Pernek, Obecn\u00fd \u00farad a Lozorno, Obecn\u00fd \u00farad obch\u00e1dzkovou trasou po dia\u013enici D2. Neobsl\u00fa\u017eia zast\u00e1vky Jablonov\u00e9, Centrum a Lozorno, Karpatsk\u00e1.<\/li><li><strong>Linka MHD 43<\/strong> bude v \u010dase od 9:30 &#8211; 12:30 prem\u00e1va\u0165 len v \u00faseku Patr\u00f3nka &#8211; \u017delezn\u00e1 studni\u010dka.<\/li><\/ul><p>\u00a0<\/p><p>Predpokladan\u00e9 me\u0161kania spojov linky 269 m\u00f4\u017eu v uvedenom \u010dase dosahova\u0165 hodnoty od 10 a\u017e do 30 min\u00fat. Vplyvom postupn\u00e9ho uzatv\u00e1rania ciest pri prejazde cyklistick\u00e9ho pelot\u00f3nu m\u00f4\u017ee d\u00f4js\u0165 ku kr\u00e1tkodob\u00fdm zdr\u017eaniam aj na vybran\u00fdch spojoch liniek 4, 9, 20, 21, 29, 32, 33, 37, 39, 43, 50, 70, 80, 83, 88, 91, 93, 139, 216, 219, 245, 250 a 521.<\/p><br \/><p>\u010eakujeme za porozumenie. V pr\u00edpade ot\u00e1zok m\u00f4\u017eete kontaktova\u0165 <b>InfoCentrum IDS BK<\/b>:\u00a0<\/p><\/section><p><b><img decoding=\"async\" class=\"emoji\" role=\"img\" src=\"https:\/\/s.w.org\/images\/core\/emoji\/16.0.1\/svg\/1f4e7.svg\" alt=\"\ud83d\udce7\" \/> info@idsbk.sk, <img decoding=\"async\" class=\"emoji\" role=\"img\" src=\"https:\/\/s.w.org\/images\/core\/emoji\/16.0.1\/svg\/260e.svg\" alt=\"\u260e\ufe0f\" \/>+421 948 102\u00a0<\/b><\/p>\t\t\t\t\t\t\t\t<\/div>\n\t\t\t\t<\/div>\n\t\t\t\t\t<\/div>\n\t\t<\/div>\n\t\t\t\t\t<\/div>\n\t\t<\/section>\n\t\t\t\t<section class=\"elementor-section elementor-top-section elementor-element elementor-element-f7c6237 elementor-section-boxed elementor-section-height-default elementor-section-height-default\" data-id=\"f7c6237\" data-element_type=\"section\" data-e-type=\"section\">\n\t\t\t\t\t\t<div class=\"elementor-container elementor-column-gap-default\">\n\t\t\t\t\t<div class=\"elementor-column elementor-col-100 elementor-top-column elementor-element elementor-element-d5111dd\" data-id=\"d5111dd\" data-element_type=\"column\" data-e-type=\"column\">\n\t\t\t<div class=\"elementor-widget-wrap elementor-element-populated\">\n\t\t\t\t\t\t<div class=\"elementor-element elementor-element-b2c8f48 elementor-widget elementor-widget-image\" data-id=\"b2c8f48\" data-element_type=\"widget\" data-e-type=\"widget\" data-widget_type=\"image.default\">\n\t\t\t\t<div class=\"elementor-widget-container\">\n\t\t\t\t\t\t\t\t\t\t\t\t\t\t\t\t<a href=\"https:\/\/arriva.sk\/\/files\/ba\/dokumenty\/V\u00fdluka%20Borinka%20II.%20etapa.pdf%20\">\n\t\t\t\t\t\t\t<img fetchpriority=\"high\" decoding=\"async\" width=\"1320\" height=\"881\" src=\"https:\/\/arriva.sk\/bratislava\/wp-content\/uploads\/sites\/14\/2025\/07\/autobus.jpg\" class=\"attachment-full size-full wp-image-28781\" alt=\"\" srcset=\"https:\/\/arriva.sk\/bratislava\/wp-content\/uploads\/sites\/14\/2025\/07\/autobus.jpg 1320w, https:\/\/arriva.sk\/bratislava\/wp-content\/uploads\/sites\/14\/2025\/07\/autobus-300x200.jpg 300w, https:\/\/arriva.sk\/bratislava\/wp-content\/uploads\/sites\/14\/2025\/07\/autobus-1030x687.jpg 1030w, https:\/\/arriva.sk\/bratislava\/wp-content\/uploads\/sites\/14\/2025\/07\/autobus-768x513.jpg 768w\" sizes=\"(max-width: 1320px) 100vw, 1320px\" \/>\t\t\t\t\t\t\t\t<\/a>\n\t\t\t\t\t\t\t\t\t\t\t\t\t\t\t<\/div>\n\t\t\t\t<\/div>\n\t\t\t\t\t<\/div>\n\t\t<\/div>\n\t\t\t\t\t<\/div>\n\t\t<\/section>\n\t\t\t\t<\/div>\n\t\t","protected":false},"excerpt":{"rendered":"<p>V\u00e1\u017een\u00ed cestuj\u00faci, Z d\u00f4vodu konania cyklistick\u00e9ho podujatia L\u00b4Etape Slovakia by Tour de France 2026, bude v nede\u013eu 23. augusta 2026 v doobed\u0148aj\u0161\u00edch hodin\u00e1ch upraven\u00e1 prem\u00e1vka liniek MHD a RAD. Dotknut\u00e9 linky bud\u00fa prem\u00e1va\u0165 nasledovne: Spoje 249\/201, 202, 203, 204, 215 a 216 (odchody z Malaciek o 6:37 a 8:37 a z Pezinskej Baby o 10:06 [&hellip;]<\/p>\n","protected":false},"author":23,"featured_media":23485,"comment_status":"closed","ping_status":"closed","sticky":false,"template":"","format":"standard","meta":{"_acf_changed":false,"footnotes":""},"categories":[40],"tags":[],"class_list":["post-29547","post","type-post","status-publish","format-standard","has-post-thumbnail","hentry","category-dopravna-aktualita"],"acf":[],"yoast_head":"<!-- This site is optimized with the Yoast SEO plugin v27.6 - https:\/\/yoast.com\/product\/yoast-seo-wordpress\/ -->\n<title>Cyklistick\u00e9 preteky \u2013 obmedzenia na link\u00e1ch MHD a RAD - ARRIVA Bratislava<\/title>\n<meta name=\"robots\" content=\"index, follow, max-snippet:-1, max-image-preview:large, max-video-preview:-1\" \/>\n<link rel=\"canonical\" href=\"https:\/\/arriva.sk\/bratislava\/cyklisticke-preteky-obmedzenia-na-linkach-mhd-a-rad\/\" \/>\n<meta property=\"og:locale\" content=\"sk_SK\" \/>\n<meta property=\"og:type\" content=\"article\" \/>\n<meta property=\"og:title\" content=\"Cyklistick\u00e9 preteky \u2013 obmedzenia na link\u00e1ch MHD a RAD - ARRIVA Bratislava\" \/>\n<meta property=\"og:description\" content=\"V\u00e1\u017een\u00ed cestuj\u00faci, Z d\u00f4vodu konania cyklistick\u00e9ho podujatia L\u00b4Etape Slovakia by Tour de France 2026, bude v nede\u013eu 23. augusta 2026 v doobed\u0148aj\u0161\u00edch hodin\u00e1ch upraven\u00e1 prem\u00e1vka liniek MHD a RAD. Dotknut\u00e9 linky bud\u00fa prem\u00e1va\u0165 nasledovne: Spoje 249\/201, 202, 203, 204, 215 a 216 (odchody z Malaciek o 6:37 a 8:37 a z Pezinskej Baby o 10:06 [&hellip;]\" \/>\n<meta property=\"og:url\" content=\"https:\/\/arriva.sk\/bratislava\/cyklisticke-preteky-obmedzenia-na-linkach-mhd-a-rad\/\" \/>\n<meta property=\"og:site_name\" content=\"ARRIVA Bratislava\" \/>\n<meta property=\"article:published_time\" content=\"2026-08-19T06:52:17+00:00\" \/>\n<meta property=\"article:modified_time\" content=\"2026-08-19T06:52:50+00:00\" \/>\n<meta name=\"author\" content=\"abaeditor\" \/>\n<meta name=\"twitter:card\" content=\"summary_large_image\" \/>\n<meta name=\"twitter:image\" content=\"https:\/\/arriva.sk\/bratislava\/wp-content\/uploads\/sites\/14\/2022\/06\/IMG_0858-Edit-Edit-e1680073367138.jpg\" \/>\n<meta name=\"twitter:label1\" content=\"Autor\" \/>\n\t<meta name=\"twitter:data1\" content=\"abaeditor\" \/>\n\t<meta name=\"twitter:label2\" content=\"Predpokladan\u00fd \u010das \u010d\u00edtania\" \/>\n\t<meta name=\"twitter:data2\" content=\"2 min\u00faty\" \/>\n<script type=\"application\/ld+json\" class=\"yoast-schema-graph\">{\"@context\":\"https:\\\/\\\/schema.org\",\"@graph\":[{\"@type\":\"Article\",\"@id\":\"https:\\\/\\\/arriva.sk\\\/bratislava\\\/cyklisticke-preteky-obmedzenia-na-linkach-mhd-a-rad\\\/#article\",\"isPartOf\":{\"@id\":\"https:\\\/\\\/arriva.sk\\\/bratislava\\\/cyklisticke-preteky-obmedzenia-na-linkach-mhd-a-rad\\\/\"},\"author\":{\"name\":\"abaeditor\",\"@id\":\"https:\\\/\\\/arriva.sk\\\/bratislava\\\/#\\\/schema\\\/person\\\/d104e64f3b61468ac1ed736ee5a3c748\"},\"headline\":\"Cyklistick\u00e9 preteky \u2013 obmedzenia na link\u00e1ch MHD a RAD\",\"datePublished\":\"2026-08-19T06:52:17+00:00\",\"dateModified\":\"2026-08-19T06:52:50+00:00\",\"mainEntityOfPage\":{\"@id\":\"https:\\\/\\\/arriva.sk\\\/bratislava\\\/cyklisticke-preteky-obmedzenia-na-linkach-mhd-a-rad\\\/\"},\"wordCount\":206,\"publisher\":{\"@id\":\"https:\\\/\\\/arriva.sk\\\/bratislava\\\/#organization\"},\"image\":{\"@id\":\"https:\\\/\\\/arriva.sk\\\/bratislava\\\/cyklisticke-preteky-obmedzenia-na-linkach-mhd-a-rad\\\/#primaryimage\"},\"thumbnailUrl\":\"https:\\\/\\\/arriva.sk\\\/bratislava\\\/wp-content\\\/uploads\\\/sites\\\/14\\\/2022\\\/06\\\/IMG_0858-Edit-Edit-e1680073367138.jpg\",\"articleSection\":[\"Dopravn\u00e1 aktualita\"],\"inLanguage\":\"sk-SK\"},{\"@type\":\"WebPage\",\"@id\":\"https:\\\/\\\/arriva.sk\\\/bratislava\\\/cyklisticke-preteky-obmedzenia-na-linkach-mhd-a-rad\\\/\",\"url\":\"https:\\\/\\\/arriva.sk\\\/bratislava\\\/cyklisticke-preteky-obmedzenia-na-linkach-mhd-a-rad\\\/\",\"name\":\"Cyklistick\u00e9 preteky \u2013 obmedzenia na link\u00e1ch MHD a RAD - ARRIVA Bratislava\",\"isPartOf\":{\"@id\":\"https:\\\/\\\/arriva.sk\\\/bratislava\\\/#website\"},\"primaryImageOfPage\":{\"@id\":\"https:\\\/\\\/arriva.sk\\\/bratislava\\\/cyklisticke-preteky-obmedzenia-na-linkach-mhd-a-rad\\\/#primaryimage\"},\"image\":{\"@id\":\"https:\\\/\\\/arriva.sk\\\/bratislava\\\/cyklisticke-preteky-obmedzenia-na-linkach-mhd-a-rad\\\/#primaryimage\"},\"thumbnailUrl\":\"https:\\\/\\\/arriva.sk\\\/bratislava\\\/wp-content\\\/uploads\\\/sites\\\/14\\\/2022\\\/06\\\/IMG_0858-Edit-Edit-e1680073367138.jpg\",\"datePublished\":\"2026-08-19T06:52:17+00:00\",\"dateModified\":\"2026-08-19T06:52:50+00:00\",\"breadcrumb\":{\"@id\":\"https:\\\/\\\/arriva.sk\\\/bratislava\\\/cyklisticke-preteky-obmedzenia-na-linkach-mhd-a-rad\\\/#breadcrumb\"},\"inLanguage\":\"sk-SK\",\"potentialAction\":[{\"@type\":\"ReadAction\",\"target\":[\"https:\\\/\\\/arriva.sk\\\/bratislava\\\/cyklisticke-preteky-obmedzenia-na-linkach-mhd-a-rad\\\/\"]}]},{\"@type\":\"ImageObject\",\"inLanguage\":\"sk-SK\",\"@id\":\"https:\\\/\\\/arriva.sk\\\/bratislava\\\/cyklisticke-preteky-obmedzenia-na-linkach-mhd-a-rad\\\/#primaryimage\",\"url\":\"https:\\\/\\\/arriva.sk\\\/bratislava\\\/wp-content\\\/uploads\\\/sites\\\/14\\\/2022\\\/06\\\/IMG_0858-Edit-Edit-e1680073367138.jpg\",\"contentUrl\":\"https:\\\/\\\/arriva.sk\\\/bratislava\\\/wp-content\\\/uploads\\\/sites\\\/14\\\/2022\\\/06\\\/IMG_0858-Edit-Edit-e1680073367138.jpg\",\"width\":1800,\"height\":1201},{\"@type\":\"BreadcrumbList\",\"@id\":\"https:\\\/\\\/arriva.sk\\\/bratislava\\\/cyklisticke-preteky-obmedzenia-na-linkach-mhd-a-rad\\\/#breadcrumb\",\"itemListElement\":[{\"@type\":\"ListItem\",\"position\":1,\"name\":\"Home\",\"item\":\"https:\\\/\\\/arriva.sk\\\/bratislava\\\/\"},{\"@type\":\"ListItem\",\"position\":2,\"name\":\"Cyklistick\u00e9 preteky \u2013 obmedzenia na link\u00e1ch MHD a RAD\"}]},{\"@type\":\"WebSite\",\"@id\":\"https:\\\/\\\/arriva.sk\\\/bratislava\\\/#website\",\"url\":\"https:\\\/\\\/arriva.sk\\\/bratislava\\\/\",\"name\":\"ARRIVA Bratislava\",\"description\":\"Autobusov\u00e1 doprava v Bratislave\",\"publisher\":{\"@id\":\"https:\\\/\\\/arriva.sk\\\/bratislava\\\/#organization\"},\"potentialAction\":[{\"@type\":\"SearchAction\",\"target\":{\"@type\":\"EntryPoint\",\"urlTemplate\":\"https:\\\/\\\/arriva.sk\\\/bratislava\\\/?s={search_term_string}\"},\"query-input\":{\"@type\":\"PropertyValueSpecification\",\"valueRequired\":true,\"valueName\":\"search_term_string\"}}],\"inLanguage\":\"sk-SK\"},{\"@type\":\"Organization\",\"@id\":\"https:\\\/\\\/arriva.sk\\\/bratislava\\\/#organization\",\"name\":\"ARRIVA Bratislava\",\"url\":\"https:\\\/\\\/arriva.sk\\\/bratislava\\\/\",\"logo\":{\"@type\":\"ImageObject\",\"inLanguage\":\"sk-SK\",\"@id\":\"https:\\\/\\\/arriva.sk\\\/bratislava\\\/#\\\/schema\\\/logo\\\/image\\\/\",\"url\":\"https:\\\/\\\/arriva.sk\\\/bratislava\\\/wp-content\\\/uploads\\\/sites\\\/10\\\/2021\\\/09\\\/logo-ba.png\",\"contentUrl\":\"https:\\\/\\\/arriva.sk\\\/bratislava\\\/wp-content\\\/uploads\\\/sites\\\/10\\\/2021\\\/09\\\/logo-ba.png\",\"width\":343,\"height\":90,\"caption\":\"ARRIVA Bratislava\"},\"image\":{\"@id\":\"https:\\\/\\\/arriva.sk\\\/bratislava\\\/#\\\/schema\\\/logo\\\/image\\\/\"}},{\"@type\":\"Person\",\"@id\":\"https:\\\/\\\/arriva.sk\\\/bratislava\\\/#\\\/schema\\\/person\\\/d104e64f3b61468ac1ed736ee5a3c748\",\"name\":\"abaeditor\"}]}<\/script>\n<!-- \/ Yoast SEO plugin. -->","yoast_head_json":{"title":"Cyklistick\u00e9 preteky \u2013 obmedzenia na link\u00e1ch MHD a RAD - ARRIVA Bratislava","robots":{"index":"index","follow":"follow","max-snippet":"max-snippet:-1","max-image-preview":"max-image-preview:large","max-video-preview":"max-video-preview:-1"},"canonical":"https:\/\/arriva.sk\/bratislava\/cyklisticke-preteky-obmedzenia-na-linkach-mhd-a-rad\/","og_locale":"sk_SK","og_type":"article","og_title":"Cyklistick\u00e9 preteky \u2013 obmedzenia na link\u00e1ch MHD a RAD - ARRIVA Bratislava","og_description":"V\u00e1\u017een\u00ed cestuj\u00faci, Z d\u00f4vodu konania cyklistick\u00e9ho podujatia L\u00b4Etape Slovakia by Tour de France 2026, bude v nede\u013eu 23. augusta 2026 v doobed\u0148aj\u0161\u00edch hodin\u00e1ch upraven\u00e1 prem\u00e1vka liniek MHD a RAD. Dotknut\u00e9 linky bud\u00fa prem\u00e1va\u0165 nasledovne: Spoje 249\/201, 202, 203, 204, 215 a 216 (odchody z Malaciek o 6:37 a 8:37 a z Pezinskej Baby o 10:06 [&hellip;]","og_url":"https:\/\/arriva.sk\/bratislava\/cyklisticke-preteky-obmedzenia-na-linkach-mhd-a-rad\/","og_site_name":"ARRIVA Bratislava","article_published_time":"2026-08-19T06:52:17+00:00","article_modified_time":"2026-08-19T06:52:50+00:00","author":"abaeditor","twitter_card":"summary_large_image","twitter_image":"https:\/\/arriva.sk\/bratislava\/wp-content\/uploads\/sites\/14\/2022\/06\/IMG_0858-Edit-Edit-e1680073367138.jpg","twitter_misc":{"Autor":"abaeditor","Predpokladan\u00fd \u010das \u010d\u00edtania":"2 min\u00faty"},"schema":{"@context":"https:\/\/schema.org","@graph":[{"@type":"Article","@id":"https:\/\/arriva.sk\/bratislava\/cyklisticke-preteky-obmedzenia-na-linkach-mhd-a-rad\/#article","isPartOf":{"@id":"https:\/\/arriva.sk\/bratislava\/cyklisticke-preteky-obmedzenia-na-linkach-mhd-a-rad\/"},"author":{"name":"abaeditor","@id":"https:\/\/arriva.sk\/bratislava\/#\/schema\/person\/d104e64f3b61468ac1ed736ee5a3c748"},"headline":"Cyklistick\u00e9 preteky \u2013 obmedzenia na link\u00e1ch MHD a RAD","datePublished":"2026-08-19T06:52:17+00:00","dateModified":"2026-08-19T06:52:50+00:00","mainEntityOfPage":{"@id":"https:\/\/arriva.sk\/bratislava\/cyklisticke-preteky-obmedzenia-na-linkach-mhd-a-rad\/"},"wordCount":206,"publisher":{"@id":"https:\/\/arriva.sk\/bratislava\/#organization"},"image":{"@id":"https:\/\/arriva.sk\/bratislava\/cyklisticke-preteky-obmedzenia-na-linkach-mhd-a-rad\/#primaryimage"},"thumbnailUrl":"https:\/\/arriva.sk\/bratislava\/wp-content\/uploads\/sites\/14\/2022\/06\/IMG_0858-Edit-Edit-e1680073367138.jpg","articleSection":["Dopravn\u00e1 aktualita"],"inLanguage":"sk-SK"},{"@type":"WebPage","@id":"https:\/\/arriva.sk\/bratislava\/cyklisticke-preteky-obmedzenia-na-linkach-mhd-a-rad\/","url":"https:\/\/arriva.sk\/bratislava\/cyklisticke-preteky-obmedzenia-na-linkach-mhd-a-rad\/","name":"Cyklistick\u00e9 preteky \u2013 obmedzenia na link\u00e1ch MHD a RAD - ARRIVA Bratislava","isPartOf":{"@id":"https:\/\/arriva.sk\/bratislava\/#website"},"primaryImageOfPage":{"@id":"https:\/\/arriva.sk\/bratislava\/cyklisticke-preteky-obmedzenia-na-linkach-mhd-a-rad\/#primaryimage"},"image":{"@id":"https:\/\/arriva.sk\/bratislava\/cyklisticke-preteky-obmedzenia-na-linkach-mhd-a-rad\/#primaryimage"},"thumbnailUrl":"https:\/\/arriva.sk\/bratislava\/wp-content\/uploads\/sites\/14\/2022\/06\/IMG_0858-Edit-Edit-e1680073367138.jpg","datePublished":"2026-08-19T06:52:17+00:00","dateModified":"2026-08-19T06:52:50+00:00","breadcrumb":{"@id":"https:\/\/arriva.sk\/bratislava\/cyklisticke-preteky-obmedzenia-na-linkach-mhd-a-rad\/#breadcrumb"},"inLanguage":"sk-SK","potentialAction":[{"@type":"ReadAction","target":["https:\/\/arriva.sk\/bratislava\/cyklisticke-preteky-obmedzenia-na-linkach-mhd-a-rad\/"]}]},{"@type":"ImageObject","inLanguage":"sk-SK","@id":"https:\/\/arriva.sk\/bratislava\/cyklisticke-preteky-obmedzenia-na-linkach-mhd-a-rad\/#primaryimage","url":"https:\/\/arriva.sk\/bratislava\/wp-content\/uploads\/sites\/14\/2022\/06\/IMG_0858-Edit-Edit-e1680073367138.jpg","contentUrl":"https:\/\/arriva.sk\/bratislava\/wp-content\/uploads\/sites\/14\/2022\/06\/IMG_0858-Edit-Edit-e1680073367138.jpg","width":1800,"height":1201},{"@type":"BreadcrumbList","@id":"https:\/\/arriva.sk\/bratislava\/cyklisticke-preteky-obmedzenia-na-linkach-mhd-a-rad\/#breadcrumb","itemListElement":[{"@type":"ListItem","position":1,"name":"Home","item":"https:\/\/arriva.sk\/bratislava\/"},{"@type":"ListItem","position":2,"name":"Cyklistick\u00e9 preteky \u2013 obmedzenia na link\u00e1ch MHD a RAD"}]},{"@type":"WebSite","@id":"https:\/\/arriva.sk\/bratislava\/#website","url":"https:\/\/arriva.sk\/bratislava\/","name":"ARRIVA Bratislava","description":"Autobusov\u00e1 doprava v Bratislave","publisher":{"@id":"https:\/\/arriva.sk\/bratislava\/#organization"},"potentialAction":[{"@type":"SearchAction","target":{"@type":"EntryPoint","urlTemplate":"https:\/\/arriva.sk\/bratislava\/?s={search_term_string}"},"query-input":{"@type":"PropertyValueSpecification","valueRequired":true,"valueName":"search_term_string"}}],"inLanguage":"sk-SK"},{"@type":"Organization","@id":"https:\/\/arriva.sk\/bratislava\/#organization","name":"ARRIVA Bratislava","url":"https:\/\/arriva.sk\/bratislava\/","logo":{"@type":"ImageObject","inLanguage":"sk-SK","@id":"https:\/\/arriva.sk\/bratislava\/#\/schema\/logo\/image\/","url":"https:\/\/arriva.sk\/bratislava\/wp-content\/uploads\/sites\/10\/2021\/09\/logo-ba.png","contentUrl":"https:\/\/arriva.sk\/bratislava\/wp-content\/uploads\/sites\/10\/2021\/09\/logo-ba.png","width":343,"height":90,"caption":"ARRIVA Bratislava"},"image":{"@id":"https:\/\/arriva.sk\/bratislava\/#\/schema\/logo\/image\/"}},{"@type":"Person","@id":"https:\/\/arriva.sk\/bratislava\/#\/schema\/person\/d104e64f3b61468ac1ed736ee5a3c748","name":"abaeditor"}]}},"_links":{"self":[{"href":"https:\/\/arriva.sk\/bratislava\/wp-json\/wp\/v2\/posts\/29547","targetHints":{"allow":["GET"]}}],"collection":[{"href":"https:\/\/arriva.sk\/bratislava\/wp-json\/wp\/v2\/posts"}],"about":[{"href":"https:\/\/arriva.sk\/bratislava\/wp-json\/wp\/v2\/types\/post"}],"author":[{"embeddable":true,"href":"https:\/\/arriva.sk\/bratislava\/wp-json\/wp\/v2\/users\/23"}],"replies":[{"embeddable":true,"href":"https:\/\/arriva.sk\/bratislava\/wp-json\/wp\/v2\/comments?post=29547"}],"version-history":[{"count":4,"href":"https:\/\/arriva.sk\/bratislava\/wp-json\/wp\/v2\/posts\/29547\/revisions"}],"predecessor-version":[{"id":29551,"href":"https:\/\/arriva.sk\/bratislava\/wp-json\/wp\/v2\/posts\/29547\/revisions\/29551"}],"wp:featuredmedia":[{"embeddable":true,"href":"https:\/\/arriva.sk\/bratislava\/wp-json\/wp\/v2\/media\/23485"}],"wp:attachment":[{"href":"https:\/\/arriva.sk\/bratislava\/wp-json\/wp\/v2\/media?parent=29547"}],"wp:term":[{"taxonomy":"category","embeddable":true,"href":"https:\/\/arriva.sk\/bratislava\/wp-json\/wp\/v2\/categories?post=29547"},{"taxonomy":"post_tag","embeddable":true,"href":"https:\/\/arriva.sk\/bratislava\/wp-json\/wp\/v2\/tags?post=29547"}],"curies":[{"name":"wp","href":"https:\/\/api.w.org\/{rel}","templated":true}]}}