{"id":23698,"date":"2022-07-13T10:03:11","date_gmt":"2022-07-13T10:03:11","guid":{"rendered":"https:\/\/arriva.sk\/bratislava\/?p=23698"},"modified":"2022-07-13T10:03:11","modified_gmt":"2022-07-13T10:03:11","slug":"pocas-vikendov-moze-cela-rodina-cestovat-s-jednym-listkom","status":"publish","type":"post","link":"https:\/\/arriva.sk\/bratislava\/pocas-vikendov-moze-cela-rodina-cestovat-s-jednym-listkom\/","title":{"rendered":"Po\u010das v\u00edkendov a sviatkov m\u00f4\u017ee cel\u00e1 rodina cestova\u0165 s jedn\u00fdm l\u00edstkom"},"content":{"rendered":"\t\t<div data-elementor-type=\"wp-post\" data-elementor-id=\"23698\" class=\"elementor elementor-23698\" data-elementor-post-type=\"post\">\n\t\t\t\t\t\t<section class=\"elementor-section elementor-top-section elementor-element elementor-element-992eed2 elementor-section-boxed elementor-section-height-default elementor-section-height-default\" data-id=\"992eed2\" data-element_type=\"section\" data-e-type=\"section\">\n\t\t\t\t\t\t<div class=\"elementor-container elementor-column-gap-default\">\n\t\t\t\t\t<div class=\"elementor-column elementor-col-100 elementor-top-column elementor-element elementor-element-653e332\" data-id=\"653e332\" data-element_type=\"column\" data-e-type=\"column\">\n\t\t\t<div class=\"elementor-widget-wrap elementor-element-populated\">\n\t\t\t\t\t\t<div class=\"elementor-element elementor-element-bd008e8 elementor-widget elementor-widget-text-editor\" data-id=\"bd008e8\" data-element_type=\"widget\" data-e-type=\"widget\" data-widget_type=\"text-editor.default\">\n\t\t\t\t<div class=\"elementor-widget-container\">\n\t\t\t\t\t\t\t\t\t<p><!-- [if !mso]&gt;--><\/p><p><!-- [if gte mso 9]&gt;--><\/p><p>V\u00e1\u017een\u00ed cestuj\u00faci,<\/p><p>radi by sme V\u00e1s informovali, \u017ee na v\u0161etk\u00fdch link\u00e1ch zaraden\u00fdch do Integrovan\u00e9ho dopravn\u00e9ho syst\u00e9mu v\u00a0Bratislavskom kraji (IDS BK) tak aj na link\u00e1ch pr\u00edmestskej autobusovej dopravy v Bratislavskom kraji, ktor\u00e9 prev\u00e1dzkuje ARRIVA Mobility Solutions m\u00f4\u017eete <strong>po\u010das v\u00edkendov a sviatkov cestova\u0165 v\u00fdhodnej\u0161ie.<\/strong><\/p><p>Po\u010das platnosti jedn\u00e9ho denn\u00e9ho (nez\u013eavnen\u00e9ho) cestovn\u00e9ho l\u00edstka m\u00f4\u017eu <strong>dvaja dospel\u00ed a a\u017e tri deti <\/strong>do dov\u0155\u0161enia 18 rokov <strong>neobmedzene cestova\u0165<\/strong> a urobi\u0165 si tak zauj\u00edmav\u00fd v\u00fdlet kdeko\u013evek po Bratislave alebo v regi\u00f3ne Bratislavsk\u00e9ho kraja. Podmienkou tak\u00e9hoto vyu\u017eitia je, \u017ee v skupine cestuj\u00facich je minim\u00e1lne 1 dospel\u00fd a 1 die\u0165a.<\/p><p>Denn\u00fd cestovn\u00fd l\u00edstok je k dispoz\u00edcii v\u00a0papierovej alebo v\u00a0elektronickej podobe, pri\u010dom elektronick\u00fd l\u00edstok je e\u0161te v\u00fdhodnej\u0161\u00ed.<\/p><p>V pr\u00edpade \u010fal\u0161\u00edch ot\u00e1zok m\u00f4\u017eete kontaktova\u0165 <b>Infocentrum IDS BK<\/b>:<\/p><p>info@idsbk.sk, <img decoding=\"async\" class=\"\" role=\"img\" src=\"https:\/\/s.w.org\/images\/core\/emoji\/13.1.0\/svg\/1f4de.svg\" alt=\"\ud83d\udcde\" width=\"12\" height=\"12\" \/>+421 948 102 102<\/p><section><\/section><section><\/section><section><\/section><section><\/section><section><\/section><section>\u010eakujeme. ARRIVA<\/section>\t\t\t\t\t\t\t\t<\/div>\n\t\t\t\t<\/div>\n\t\t\t\t\t<\/div>\n\t\t<\/div>\n\t\t\t\t\t<\/div>\n\t\t<\/section>\n\t\t\t\t<\/div>\n\t\t","protected":false},"excerpt":{"rendered":"<p>V\u00e1\u017een\u00ed cestuj\u00faci, radi by sme V\u00e1s informovali, \u017ee na v\u0161etk\u00fdch link\u00e1ch zaraden\u00fdch do Integrovan\u00e9ho dopravn\u00e9ho syst\u00e9mu v\u00a0Bratislavskom kraji (IDS BK) tak aj na link\u00e1ch pr\u00edmestskej autobusovej dopravy v Bratislavskom kraji, ktor\u00e9 prev\u00e1dzkuje ARRIVA Mobility Solutions m\u00f4\u017eete po\u010das v\u00edkendov a sviatkov cestova\u0165 v\u00fdhodnej\u0161ie. Po\u010das platnosti jedn\u00e9ho denn\u00e9ho (nez\u013eavnen\u00e9ho) cestovn\u00e9ho l\u00edstka m\u00f4\u017eu dvaja dospel\u00ed a a\u017e tri [&hellip;]<\/p>\n","protected":false},"author":1,"featured_media":23729,"comment_status":"open","ping_status":"open","sticky":false,"template":"","format":"standard","meta":{"_acf_changed":false,"footnotes":""},"categories":[1],"tags":[],"class_list":["post-23698","post","type-post","status-publish","format-standard","has-post-thumbnail","hentry","category-novinky"],"acf":[],"yoast_head":"<!-- This site is optimized with the Yoast SEO plugin v27.6 - https:\/\/yoast.com\/product\/yoast-seo-wordpress\/ -->\n<title>Po\u010das v\u00edkendov a sviatkov m\u00f4\u017ee cel\u00e1 rodina cestova\u0165 s jedn\u00fdm l\u00edstkom - ARRIVA Bratislava<\/title>\n<meta name=\"robots\" content=\"index, follow, max-snippet:-1, max-image-preview:large, max-video-preview:-1\" \/>\n<link rel=\"canonical\" href=\"https:\/\/arriva.sk\/bratislava\/pocas-vikendov-moze-cela-rodina-cestovat-s-jednym-listkom\/\" \/>\n<meta property=\"og:locale\" content=\"sk_SK\" \/>\n<meta property=\"og:type\" content=\"article\" \/>\n<meta property=\"og:title\" content=\"Po\u010das v\u00edkendov a sviatkov m\u00f4\u017ee cel\u00e1 rodina cestova\u0165 s jedn\u00fdm l\u00edstkom - ARRIVA Bratislava\" \/>\n<meta property=\"og:description\" content=\"V\u00e1\u017een\u00ed cestuj\u00faci, radi by sme V\u00e1s informovali, \u017ee na v\u0161etk\u00fdch link\u00e1ch zaraden\u00fdch do Integrovan\u00e9ho dopravn\u00e9ho syst\u00e9mu v\u00a0Bratislavskom kraji (IDS BK) tak aj na link\u00e1ch pr\u00edmestskej autobusovej dopravy v Bratislavskom kraji, ktor\u00e9 prev\u00e1dzkuje ARRIVA Mobility Solutions m\u00f4\u017eete po\u010das v\u00edkendov a sviatkov cestova\u0165 v\u00fdhodnej\u0161ie. Po\u010das platnosti jedn\u00e9ho denn\u00e9ho (nez\u013eavnen\u00e9ho) cestovn\u00e9ho l\u00edstka m\u00f4\u017eu dvaja dospel\u00ed a a\u017e tri [&hellip;]\" \/>\n<meta property=\"og:url\" content=\"https:\/\/arriva.sk\/bratislava\/pocas-vikendov-moze-cela-rodina-cestovat-s-jednym-listkom\/\" \/>\n<meta property=\"og:site_name\" content=\"ARRIVA Bratislava\" \/>\n<meta property=\"article:published_time\" content=\"2022-07-13T10:03:11+00:00\" \/>\n<meta property=\"og:image\" content=\"https:\/\/arriva.sk\/bratislava\/wp-content\/uploads\/sites\/14\/2022\/07\/Rodina.jpg\" \/>\n\t<meta property=\"og:image:width\" content=\"900\" \/>\n\t<meta property=\"og:image:height\" content=\"600\" \/>\n\t<meta property=\"og:image:type\" content=\"image\/jpeg\" \/>\n<meta name=\"author\" content=\"mcp.developer\" \/>\n<meta name=\"twitter:card\" content=\"summary_large_image\" \/>\n<meta name=\"twitter:label1\" content=\"Autor\" \/>\n\t<meta name=\"twitter:data1\" content=\"mcp.developer\" \/>\n\t<meta name=\"twitter:label2\" content=\"Predpokladan\u00fd \u010das \u010d\u00edtania\" \/>\n\t<meta name=\"twitter:data2\" content=\"1 min\u00fata\" \/>\n<script type=\"application\/ld+json\" class=\"yoast-schema-graph\">{\"@context\":\"https:\\\/\\\/schema.org\",\"@graph\":[{\"@type\":\"Article\",\"@id\":\"https:\\\/\\\/arriva.sk\\\/bratislava\\\/pocas-vikendov-moze-cela-rodina-cestovat-s-jednym-listkom\\\/#article\",\"isPartOf\":{\"@id\":\"https:\\\/\\\/arriva.sk\\\/bratislava\\\/pocas-vikendov-moze-cela-rodina-cestovat-s-jednym-listkom\\\/\"},\"author\":{\"name\":\"mcp.developer\",\"@id\":\"https:\\\/\\\/arriva.sk\\\/bratislava\\\/#\\\/schema\\\/person\\\/ec5f71d922cfc45b282052768513d87b\"},\"headline\":\"Po\u010das v\u00edkendov a sviatkov m\u00f4\u017ee cel\u00e1 rodina cestova\u0165 s jedn\u00fdm l\u00edstkom\",\"datePublished\":\"2022-07-13T10:03:11+00:00\",\"mainEntityOfPage\":{\"@id\":\"https:\\\/\\\/arriva.sk\\\/bratislava\\\/pocas-vikendov-moze-cela-rodina-cestovat-s-jednym-listkom\\\/\"},\"wordCount\":184,\"commentCount\":0,\"publisher\":{\"@id\":\"https:\\\/\\\/arriva.sk\\\/bratislava\\\/#organization\"},\"image\":{\"@id\":\"https:\\\/\\\/arriva.sk\\\/bratislava\\\/pocas-vikendov-moze-cela-rodina-cestovat-s-jednym-listkom\\\/#primaryimage\"},\"thumbnailUrl\":\"https:\\\/\\\/arriva.sk\\\/bratislava\\\/wp-content\\\/uploads\\\/sites\\\/14\\\/2022\\\/07\\\/Rodina.jpg\",\"articleSection\":[\"Novinky\"],\"inLanguage\":\"sk-SK\",\"potentialAction\":[{\"@type\":\"CommentAction\",\"name\":\"Comment\",\"target\":[\"https:\\\/\\\/arriva.sk\\\/bratislava\\\/pocas-vikendov-moze-cela-rodina-cestovat-s-jednym-listkom\\\/#respond\"]}]},{\"@type\":\"WebPage\",\"@id\":\"https:\\\/\\\/arriva.sk\\\/bratislava\\\/pocas-vikendov-moze-cela-rodina-cestovat-s-jednym-listkom\\\/\",\"url\":\"https:\\\/\\\/arriva.sk\\\/bratislava\\\/pocas-vikendov-moze-cela-rodina-cestovat-s-jednym-listkom\\\/\",\"name\":\"Po\u010das v\u00edkendov a sviatkov m\u00f4\u017ee cel\u00e1 rodina cestova\u0165 s jedn\u00fdm l\u00edstkom - ARRIVA Bratislava\",\"isPartOf\":{\"@id\":\"https:\\\/\\\/arriva.sk\\\/bratislava\\\/#website\"},\"primaryImageOfPage\":{\"@id\":\"https:\\\/\\\/arriva.sk\\\/bratislava\\\/pocas-vikendov-moze-cela-rodina-cestovat-s-jednym-listkom\\\/#primaryimage\"},\"image\":{\"@id\":\"https:\\\/\\\/arriva.sk\\\/bratislava\\\/pocas-vikendov-moze-cela-rodina-cestovat-s-jednym-listkom\\\/#primaryimage\"},\"thumbnailUrl\":\"https:\\\/\\\/arriva.sk\\\/bratislava\\\/wp-content\\\/uploads\\\/sites\\\/14\\\/2022\\\/07\\\/Rodina.jpg\",\"datePublished\":\"2022-07-13T10:03:11+00:00\",\"breadcrumb\":{\"@id\":\"https:\\\/\\\/arriva.sk\\\/bratislava\\\/pocas-vikendov-moze-cela-rodina-cestovat-s-jednym-listkom\\\/#breadcrumb\"},\"inLanguage\":\"sk-SK\",\"potentialAction\":[{\"@type\":\"ReadAction\",\"target\":[\"https:\\\/\\\/arriva.sk\\\/bratislava\\\/pocas-vikendov-moze-cela-rodina-cestovat-s-jednym-listkom\\\/\"]}]},{\"@type\":\"ImageObject\",\"inLanguage\":\"sk-SK\",\"@id\":\"https:\\\/\\\/arriva.sk\\\/bratislava\\\/pocas-vikendov-moze-cela-rodina-cestovat-s-jednym-listkom\\\/#primaryimage\",\"url\":\"https:\\\/\\\/arriva.sk\\\/bratislava\\\/wp-content\\\/uploads\\\/sites\\\/14\\\/2022\\\/07\\\/Rodina.jpg\",\"contentUrl\":\"https:\\\/\\\/arriva.sk\\\/bratislava\\\/wp-content\\\/uploads\\\/sites\\\/14\\\/2022\\\/07\\\/Rodina.jpg\",\"width\":900,\"height\":600},{\"@type\":\"BreadcrumbList\",\"@id\":\"https:\\\/\\\/arriva.sk\\\/bratislava\\\/pocas-vikendov-moze-cela-rodina-cestovat-s-jednym-listkom\\\/#breadcrumb\",\"itemListElement\":[{\"@type\":\"ListItem\",\"position\":1,\"name\":\"Home\",\"item\":\"https:\\\/\\\/arriva.sk\\\/bratislava\\\/\"},{\"@type\":\"ListItem\",\"position\":2,\"name\":\"Po\u010das v\u00edkendov a sviatkov m\u00f4\u017ee cel\u00e1 rodina cestova\u0165 s jedn\u00fdm l\u00edstkom\"}]},{\"@type\":\"WebSite\",\"@id\":\"https:\\\/\\\/arriva.sk\\\/bratislava\\\/#website\",\"url\":\"https:\\\/\\\/arriva.sk\\\/bratislava\\\/\",\"name\":\"ARRIVA Bratislava\",\"description\":\"Autobusov\u00e1 doprava v Bratislave\",\"publisher\":{\"@id\":\"https:\\\/\\\/arriva.sk\\\/bratislava\\\/#organization\"},\"potentialAction\":[{\"@type\":\"SearchAction\",\"target\":{\"@type\":\"EntryPoint\",\"urlTemplate\":\"https:\\\/\\\/arriva.sk\\\/bratislava\\\/?s={search_term_string}\"},\"query-input\":{\"@type\":\"PropertyValueSpecification\",\"valueRequired\":true,\"valueName\":\"search_term_string\"}}],\"inLanguage\":\"sk-SK\"},{\"@type\":\"Organization\",\"@id\":\"https:\\\/\\\/arriva.sk\\\/bratislava\\\/#organization\",\"name\":\"ARRIVA Bratislava\",\"url\":\"https:\\\/\\\/arriva.sk\\\/bratislava\\\/\",\"logo\":{\"@type\":\"ImageObject\",\"inLanguage\":\"sk-SK\",\"@id\":\"https:\\\/\\\/arriva.sk\\\/bratislava\\\/#\\\/schema\\\/logo\\\/image\\\/\",\"url\":\"https:\\\/\\\/arriva.sk\\\/bratislava\\\/wp-content\\\/uploads\\\/sites\\\/10\\\/2021\\\/09\\\/logo-ba.png\",\"contentUrl\":\"https:\\\/\\\/arriva.sk\\\/bratislava\\\/wp-content\\\/uploads\\\/sites\\\/10\\\/2021\\\/09\\\/logo-ba.png\",\"width\":343,\"height\":90,\"caption\":\"ARRIVA Bratislava\"},\"image\":{\"@id\":\"https:\\\/\\\/arriva.sk\\\/bratislava\\\/#\\\/schema\\\/logo\\\/image\\\/\"}},{\"@type\":\"Person\",\"@id\":\"https:\\\/\\\/arriva.sk\\\/bratislava\\\/#\\\/schema\\\/person\\\/ec5f71d922cfc45b282052768513d87b\",\"name\":\"mcp.developer\"}]}<\/script>\n<!-- \/ Yoast SEO plugin. -->","yoast_head_json":{"title":"Po\u010das v\u00edkendov a sviatkov m\u00f4\u017ee cel\u00e1 rodina cestova\u0165 s jedn\u00fdm l\u00edstkom - ARRIVA Bratislava","robots":{"index":"index","follow":"follow","max-snippet":"max-snippet:-1","max-image-preview":"max-image-preview:large","max-video-preview":"max-video-preview:-1"},"canonical":"https:\/\/arriva.sk\/bratislava\/pocas-vikendov-moze-cela-rodina-cestovat-s-jednym-listkom\/","og_locale":"sk_SK","og_type":"article","og_title":"Po\u010das v\u00edkendov a sviatkov m\u00f4\u017ee cel\u00e1 rodina cestova\u0165 s jedn\u00fdm l\u00edstkom - ARRIVA Bratislava","og_description":"V\u00e1\u017een\u00ed cestuj\u00faci, radi by sme V\u00e1s informovali, \u017ee na v\u0161etk\u00fdch link\u00e1ch zaraden\u00fdch do Integrovan\u00e9ho dopravn\u00e9ho syst\u00e9mu v\u00a0Bratislavskom kraji (IDS BK) tak aj na link\u00e1ch pr\u00edmestskej autobusovej dopravy v Bratislavskom kraji, ktor\u00e9 prev\u00e1dzkuje ARRIVA Mobility Solutions m\u00f4\u017eete po\u010das v\u00edkendov a sviatkov cestova\u0165 v\u00fdhodnej\u0161ie. Po\u010das platnosti jedn\u00e9ho denn\u00e9ho (nez\u013eavnen\u00e9ho) cestovn\u00e9ho l\u00edstka m\u00f4\u017eu dvaja dospel\u00ed a a\u017e tri [&hellip;]","og_url":"https:\/\/arriva.sk\/bratislava\/pocas-vikendov-moze-cela-rodina-cestovat-s-jednym-listkom\/","og_site_name":"ARRIVA Bratislava","article_published_time":"2022-07-13T10:03:11+00:00","og_image":[{"width":900,"height":600,"url":"https:\/\/arriva.sk\/bratislava\/wp-content\/uploads\/sites\/14\/2022\/07\/Rodina.jpg","type":"image\/jpeg"}],"author":"mcp.developer","twitter_card":"summary_large_image","twitter_misc":{"Autor":"mcp.developer","Predpokladan\u00fd \u010das \u010d\u00edtania":"1 min\u00fata"},"schema":{"@context":"https:\/\/schema.org","@graph":[{"@type":"Article","@id":"https:\/\/arriva.sk\/bratislava\/pocas-vikendov-moze-cela-rodina-cestovat-s-jednym-listkom\/#article","isPartOf":{"@id":"https:\/\/arriva.sk\/bratislava\/pocas-vikendov-moze-cela-rodina-cestovat-s-jednym-listkom\/"},"author":{"name":"mcp.developer","@id":"https:\/\/arriva.sk\/bratislava\/#\/schema\/person\/ec5f71d922cfc45b282052768513d87b"},"headline":"Po\u010das v\u00edkendov a sviatkov m\u00f4\u017ee cel\u00e1 rodina cestova\u0165 s jedn\u00fdm l\u00edstkom","datePublished":"2022-07-13T10:03:11+00:00","mainEntityOfPage":{"@id":"https:\/\/arriva.sk\/bratislava\/pocas-vikendov-moze-cela-rodina-cestovat-s-jednym-listkom\/"},"wordCount":184,"commentCount":0,"publisher":{"@id":"https:\/\/arriva.sk\/bratislava\/#organization"},"image":{"@id":"https:\/\/arriva.sk\/bratislava\/pocas-vikendov-moze-cela-rodina-cestovat-s-jednym-listkom\/#primaryimage"},"thumbnailUrl":"https:\/\/arriva.sk\/bratislava\/wp-content\/uploads\/sites\/14\/2022\/07\/Rodina.jpg","articleSection":["Novinky"],"inLanguage":"sk-SK","potentialAction":[{"@type":"CommentAction","name":"Comment","target":["https:\/\/arriva.sk\/bratislava\/pocas-vikendov-moze-cela-rodina-cestovat-s-jednym-listkom\/#respond"]}]},{"@type":"WebPage","@id":"https:\/\/arriva.sk\/bratislava\/pocas-vikendov-moze-cela-rodina-cestovat-s-jednym-listkom\/","url":"https:\/\/arriva.sk\/bratislava\/pocas-vikendov-moze-cela-rodina-cestovat-s-jednym-listkom\/","name":"Po\u010das v\u00edkendov a sviatkov m\u00f4\u017ee cel\u00e1 rodina cestova\u0165 s jedn\u00fdm l\u00edstkom - ARRIVA Bratislava","isPartOf":{"@id":"https:\/\/arriva.sk\/bratislava\/#website"},"primaryImageOfPage":{"@id":"https:\/\/arriva.sk\/bratislava\/pocas-vikendov-moze-cela-rodina-cestovat-s-jednym-listkom\/#primaryimage"},"image":{"@id":"https:\/\/arriva.sk\/bratislava\/pocas-vikendov-moze-cela-rodina-cestovat-s-jednym-listkom\/#primaryimage"},"thumbnailUrl":"https:\/\/arriva.sk\/bratislava\/wp-content\/uploads\/sites\/14\/2022\/07\/Rodina.jpg","datePublished":"2022-07-13T10:03:11+00:00","breadcrumb":{"@id":"https:\/\/arriva.sk\/bratislava\/pocas-vikendov-moze-cela-rodina-cestovat-s-jednym-listkom\/#breadcrumb"},"inLanguage":"sk-SK","potentialAction":[{"@type":"ReadAction","target":["https:\/\/arriva.sk\/bratislava\/pocas-vikendov-moze-cela-rodina-cestovat-s-jednym-listkom\/"]}]},{"@type":"ImageObject","inLanguage":"sk-SK","@id":"https:\/\/arriva.sk\/bratislava\/pocas-vikendov-moze-cela-rodina-cestovat-s-jednym-listkom\/#primaryimage","url":"https:\/\/arriva.sk\/bratislava\/wp-content\/uploads\/sites\/14\/2022\/07\/Rodina.jpg","contentUrl":"https:\/\/arriva.sk\/bratislava\/wp-content\/uploads\/sites\/14\/2022\/07\/Rodina.jpg","width":900,"height":600},{"@type":"BreadcrumbList","@id":"https:\/\/arriva.sk\/bratislava\/pocas-vikendov-moze-cela-rodina-cestovat-s-jednym-listkom\/#breadcrumb","itemListElement":[{"@type":"ListItem","position":1,"name":"Home","item":"https:\/\/arriva.sk\/bratislava\/"},{"@type":"ListItem","position":2,"name":"Po\u010das v\u00edkendov a sviatkov m\u00f4\u017ee cel\u00e1 rodina cestova\u0165 s jedn\u00fdm l\u00edstkom"}]},{"@type":"WebSite","@id":"https:\/\/arriva.sk\/bratislava\/#website","url":"https:\/\/arriva.sk\/bratislava\/","name":"ARRIVA Bratislava","description":"Autobusov\u00e1 doprava v Bratislave","publisher":{"@id":"https:\/\/arriva.sk\/bratislava\/#organization"},"potentialAction":[{"@type":"SearchAction","target":{"@type":"EntryPoint","urlTemplate":"https:\/\/arriva.sk\/bratislava\/?s={search_term_string}"},"query-input":{"@type":"PropertyValueSpecification","valueRequired":true,"valueName":"search_term_string"}}],"inLanguage":"sk-SK"},{"@type":"Organization","@id":"https:\/\/arriva.sk\/bratislava\/#organization","name":"ARRIVA Bratislava","url":"https:\/\/arriva.sk\/bratislava\/","logo":{"@type":"ImageObject","inLanguage":"sk-SK","@id":"https:\/\/arriva.sk\/bratislava\/#\/schema\/logo\/image\/","url":"https:\/\/arriva.sk\/bratislava\/wp-content\/uploads\/sites\/10\/2021\/09\/logo-ba.png","contentUrl":"https:\/\/arriva.sk\/bratislava\/wp-content\/uploads\/sites\/10\/2021\/09\/logo-ba.png","width":343,"height":90,"caption":"ARRIVA Bratislava"},"image":{"@id":"https:\/\/arriva.sk\/bratislava\/#\/schema\/logo\/image\/"}},{"@type":"Person","@id":"https:\/\/arriva.sk\/bratislava\/#\/schema\/person\/ec5f71d922cfc45b282052768513d87b","name":"mcp.developer"}]}},"_links":{"self":[{"href":"https:\/\/arriva.sk\/bratislava\/wp-json\/wp\/v2\/posts\/23698","targetHints":{"allow":["GET"]}}],"collection":[{"href":"https:\/\/arriva.sk\/bratislava\/wp-json\/wp\/v2\/posts"}],"about":[{"href":"https:\/\/arriva.sk\/bratislava\/wp-json\/wp\/v2\/types\/post"}],"author":[{"embeddable":true,"href":"https:\/\/arriva.sk\/bratislava\/wp-json\/wp\/v2\/users\/1"}],"replies":[{"embeddable":true,"href":"https:\/\/arriva.sk\/bratislava\/wp-json\/wp\/v2\/comments?post=23698"}],"version-history":[{"count":0,"href":"https:\/\/arriva.sk\/bratislava\/wp-json\/wp\/v2\/posts\/23698\/revisions"}],"wp:featuredmedia":[{"embeddable":true,"href":"https:\/\/arriva.sk\/bratislava\/wp-json\/wp\/v2\/media\/23729"}],"wp:attachment":[{"href":"https:\/\/arriva.sk\/bratislava\/wp-json\/wp\/v2\/media?parent=23698"}],"wp:term":[{"taxonomy":"category","embeddable":true,"href":"https:\/\/arriva.sk\/bratislava\/wp-json\/wp\/v2\/categories?post=23698"},{"taxonomy":"post_tag","embeddable":true,"href":"https:\/\/arriva.sk\/bratislava\/wp-json\/wp\/v2\/tags?post=23698"}],"curies":[{"name":"wp","href":"https:\/\/api.w.org\/{rel}","templated":true}]}}